{"id":20161,"date":"2023-06-15T13:33:34","date_gmt":"2023-06-15T12:33:34","guid":{"rendered":"https:\/\/www.paradislatin.com\/?p=20161"},"modified":"2023-11-04T16:52:13","modified_gmt":"2023-11-04T15:52:13","slug":"peoples-et-personnalites-au-paradis-latin","status":"publish","type":"post","link":"https:\/\/www.paradislatin.com\/fr\/blog\/peoples-et-personnalites-au-paradis-latin\/","title":{"rendered":"Peoples et personnalit\u00e9s au Paradis Latin"},"content":{"rendered":"\t\t<div data-elementor-type=\"wp-post\" data-elementor-id=\"20161\" class=\"elementor elementor-20161\" data-elementor-post-type=\"post\">\n\t\t\t\t\t\t<section class=\"ob-is-breaking-bad elementor-section elementor-top-section elementor-element elementor-element-f04e3be elementor-section-boxed elementor-section-height-default elementor-section-height-default\" data-id=\"f04e3be\" data-element_type=\"section\" data-e-type=\"section\" data-settings=\"{&quot;_ob_bbad_use_it&quot;:&quot;yes&quot;,&quot;_ob_bbad_sssic_use&quot;:&quot;no&quot;,&quot;_ob_glider_is_slider&quot;:&quot;no&quot;}\">\n\t\t\t\t\t\t<div class=\"elementor-container elementor-column-gap-default\">\n\t\t\t\t\t<div class=\"elementor-column elementor-col-100 elementor-top-column elementor-element elementor-element-168fb38\" data-id=\"168fb38\" data-element_type=\"column\" data-e-type=\"column\" data-settings=\"{&quot;_ob_bbad_is_stalker&quot;:&quot;no&quot;,&quot;_ob_teleporter_use&quot;:false,&quot;_ob_column_hoveranimator&quot;:&quot;no&quot;,&quot;_ob_column_has_pseudo&quot;:&quot;no&quot;}\">\n\t\t\t<div class=\"elementor-widget-wrap elementor-element-populated\">\n\t\t\t\t\t\t<div class=\"elementor-element elementor-element-4534c14 ob-harakiri-inherit ob-has-background-overlay elementor-widget elementor-widget-heading\" data-id=\"4534c14\" data-element_type=\"widget\" data-e-type=\"widget\" data-settings=\"{&quot;_ob_use_harakiri&quot;:&quot;yes&quot;,&quot;_ob_harakiri_writing_mode&quot;:&quot;inherit&quot;,&quot;_ob_harakiri_text_clip&quot;:&quot;none&quot;,&quot;_ob_perspektive_use&quot;:&quot;no&quot;,&quot;_ob_poopart_use&quot;:&quot;yes&quot;,&quot;_ob_shadough_use&quot;:&quot;no&quot;,&quot;_ob_allow_hoveranimator&quot;:&quot;no&quot;,&quot;_ob_widget_stalker_use&quot;:&quot;no&quot;}\" data-widget_type=\"heading.default\">\n\t\t\t\t<div class=\"elementor-widget-container\">\n\t\t\t\t\t<h2 class=\"elementor-heading-title elementor-size-default\">Le Paradis Latin, engag\u00e9 aux c\u00f4t\u00e9s des c\u00e9l\u00e9brit\u00e9s dans la lutte contre le sida<\/h2>\t\t\t\t<\/div>\n\t\t\t\t<\/div>\n\t\t\t\t<div class=\"elementor-element elementor-element-da7a431 elementor-widget-divider--view-line ob-has-background-overlay elementor-widget elementor-widget-divider\" data-id=\"da7a431\" data-element_type=\"widget\" data-e-type=\"widget\" data-settings=\"{&quot;_ob_perspektive_use&quot;:&quot;no&quot;,&quot;_ob_poopart_use&quot;:&quot;yes&quot;,&quot;_ob_shadough_use&quot;:&quot;no&quot;,&quot;_ob_allow_hoveranimator&quot;:&quot;no&quot;,&quot;_ob_widget_stalker_use&quot;:&quot;no&quot;}\" data-widget_type=\"divider.default\">\n\t\t\t\t<div class=\"elementor-widget-container\">\n\t\t\t\t\t\t\t<div class=\"elementor-divider\">\n\t\t\t<span class=\"elementor-divider-separator\">\n\t\t\t\t\t\t<\/span>\n\t\t<\/div>\n\t\t\t\t\t\t<\/div>\n\t\t\t\t<\/div>\n\t\t\t\t<div class=\"elementor-element elementor-element-d439969 ob-harakiri-inherit ob-has-background-overlay elementor-widget elementor-widget-text-editor\" data-id=\"d439969\" data-element_type=\"widget\" data-e-type=\"widget\" data-settings=\"{&quot;_ob_use_harakiri&quot;:&quot;yes&quot;,&quot;_ob_harakiri_writing_mode&quot;:&quot;inherit&quot;,&quot;_ob_postman_use&quot;:&quot;no&quot;,&quot;_ob_perspektive_use&quot;:&quot;no&quot;,&quot;_ob_poopart_use&quot;:&quot;yes&quot;,&quot;_ob_shadough_use&quot;:&quot;no&quot;,&quot;_ob_allow_hoveranimator&quot;:&quot;no&quot;,&quot;_ob_widget_stalker_use&quot;:&quot;no&quot;}\" data-widget_type=\"text-editor.default\">\n\t\t\t\t<div class=\"elementor-widget-container\">\n\t\t\t\t\t\t\t\t\t<p>Commen\u00e7ons par un petit bond dans le pass\u00e9 en remontant plusieurs d\u00e9cennies en arri\u00e8re. Nous sommes plus pr\u00e9cis\u00e9ment au milieu des ann\u00e9es 1980, \u00e0 une \u00e9poque o\u00f9 un nouveau virus, celui du sida, se r\u00e9pand \u00e0 travers le monde sans que l\u2019on ne sache comment l\u2019\u00e9radiquer.<\/p><p>Alors qu\u2019elle se trouvait aux \u00c9tats-Unis, Line Renaud est t\u00e9moin des ravages que fait le sida. Tr\u00e8s touch\u00e9e par ce qu\u2019elle a vu et consciente qu\u2019il faut donner l\u2019alerte, elle prend la parole sur la maladie \u00e0 son retour en France. Soutenue et pouss\u00e9e par plusieurs amis, elle d\u00e9cide rapidement d\u2019organiser un gala afin de collecter des fonds au profit de la recherche m\u00e9dicale. Or, \u00e0 l\u2019\u00e9poque, le sida est un sujet extr\u00eamement tabou. Dans ce contexte, le Paradis Latin est la seule salle qui accepte d\u2019accueillir l\u2019\u00e9v\u00e8nement, ce qui fera dire \u00e0 Line Renaud, lors d\u2019une interview donn\u00e9e \u00e0 Paris Match en 2004, que le Paradis Latin est \u00ab <em>le seul endroit qui nous a tout offert<\/em> \u00bb.<\/p><p>En France, le premier gala de lutte contre le sida a donc lieu en novembre 1985 au Paradis Latin. Plusieurs personnalit\u00e9s apportent leur soutien \u00e0 Line Renaud en r\u00e9pondant pr\u00e9sent. Parmi elles : Elizabeth Taylor, Audrey Hepburn, Dalida, Simone Veil, Sylvie Vartan, Mireille Mathieu, Serge Lama, ou encore Jacques Chirac, alors maire de Paris. Vous r\u00e9ussirez s\u00fbrement \u00e0 les rep\u00e9rer, et peut-\u00eatre \u00e0 reconna\u00eetre d\u2019autres c\u00e9l\u00e9brit\u00e9s, sur les photos d\u2019archive ci-dessous.<\/p>\t\t\t\t\t\t\t\t<\/div>\n\t\t\t\t<\/div>\n\t\t\t\t<div class=\"elementor-element elementor-element-bcff476 ob-has-background-overlay elementor-widget elementor-widget-image\" data-id=\"bcff476\" data-element_type=\"widget\" data-e-type=\"widget\" data-settings=\"{&quot;_ob_photomorph_use&quot;:&quot;no&quot;,&quot;_ob_perspektive_use&quot;:&quot;no&quot;,&quot;_ob_poopart_use&quot;:&quot;yes&quot;,&quot;_ob_shadough_use&quot;:&quot;no&quot;,&quot;_ob_allow_hoveranimator&quot;:&quot;no&quot;,&quot;_ob_widget_stalker_use&quot;:&quot;no&quot;}\" data-widget_type=\"image.default\">\n\t\t\t\t<div class=\"elementor-widget-container\">\n\t\t\t\t\t\t\t\t\t\t\t\t<figure class=\"wp-caption\">\n\t\t\t\t\t\t\t\t\t\t<img fetchpriority=\"high\" decoding=\"async\" width=\"720\" height=\"470\" src=\"https:\/\/www.paradislatin.com\/wp-content\/uploads\/2023\/06\/line-renaud-elizabeth-taylor-gala-sidaction-1985.jpg\" class=\"attachment-full size-full wp-image-20168\" alt=\"line renaud elizabeth taylor gala sidaction 1985\" srcset=\"https:\/\/www.paradislatin.com\/wp-content\/uploads\/2023\/06\/line-renaud-elizabeth-taylor-gala-sidaction-1985.jpg 720w, https:\/\/www.paradislatin.com\/wp-content\/uploads\/2023\/06\/line-renaud-elizabeth-taylor-gala-sidaction-1985-300x196.jpg 300w\" sizes=\"(max-width: 720px) 100vw, 720px\" \/>\t\t\t\t\t\t\t\t\t\t\t<figcaption class=\"widget-image-caption wp-caption-text\">Arriv\u00e9e d'Elizabeth Taylor accompagn\u00e9e de Line Renaud<\/figcaption>\n\t\t\t\t\t\t\t\t\t\t<\/figure>\n\t\t\t\t\t\t\t\t\t<\/div>\n\t\t\t\t<\/div>\n\t\t\t\t<div class=\"elementor-element elementor-element-4dcd8cb ob-has-background-overlay elementor-widget elementor-widget-image\" data-id=\"4dcd8cb\" data-element_type=\"widget\" data-e-type=\"widget\" data-settings=\"{&quot;_ob_photomorph_use&quot;:&quot;no&quot;,&quot;_ob_perspektive_use&quot;:&quot;no&quot;,&quot;_ob_poopart_use&quot;:&quot;yes&quot;,&quot;_ob_shadough_use&quot;:&quot;no&quot;,&quot;_ob_allow_hoveranimator&quot;:&quot;no&quot;,&quot;_ob_widget_stalker_use&quot;:&quot;no&quot;}\" data-widget_type=\"image.default\">\n\t\t\t\t<div class=\"elementor-widget-container\">\n\t\t\t\t\t\t\t\t\t\t\t\t<figure class=\"wp-caption\">\n\t\t\t\t\t\t\t\t\t\t<img decoding=\"async\" width=\"720\" height=\"470\" src=\"https:\/\/www.paradislatin.com\/wp-content\/uploads\/2023\/06\/bernadette-jacques-chirac-gala-sidaction-1985.jpg\" class=\"attachment-full size-full wp-image-20170\" alt=\"bernadette jacques chirac gala sidaction 1985\" srcset=\"https:\/\/www.paradislatin.com\/wp-content\/uploads\/2023\/06\/bernadette-jacques-chirac-gala-sidaction-1985.jpg 720w, https:\/\/www.paradislatin.com\/wp-content\/uploads\/2023\/06\/bernadette-jacques-chirac-gala-sidaction-1985-300x196.jpg 300w\" sizes=\"(max-width: 720px) 100vw, 720px\" \/>\t\t\t\t\t\t\t\t\t\t\t<figcaption class=\"widget-image-caption wp-caption-text\">Arriv\u00e9e de Jacques et Bernadette Chirac<\/figcaption>\n\t\t\t\t\t\t\t\t\t\t<\/figure>\n\t\t\t\t\t\t\t\t\t<\/div>\n\t\t\t\t<\/div>\n\t\t\t\t<div class=\"elementor-element elementor-element-ea87e99 ob-has-background-overlay elementor-widget elementor-widget-image\" data-id=\"ea87e99\" data-element_type=\"widget\" data-e-type=\"widget\" data-settings=\"{&quot;_ob_photomorph_use&quot;:&quot;no&quot;,&quot;_ob_perspektive_use&quot;:&quot;no&quot;,&quot;_ob_poopart_use&quot;:&quot;yes&quot;,&quot;_ob_shadough_use&quot;:&quot;no&quot;,&quot;_ob_allow_hoveranimator&quot;:&quot;no&quot;,&quot;_ob_widget_stalker_use&quot;:&quot;no&quot;}\" data-widget_type=\"image.default\">\n\t\t\t\t<div class=\"elementor-widget-container\">\n\t\t\t\t\t\t\t\t\t\t\t\t<figure class=\"wp-caption\">\n\t\t\t\t\t\t\t\t\t\t<img decoding=\"async\" width=\"720\" height=\"470\" src=\"https:\/\/www.paradislatin.com\/wp-content\/uploads\/2023\/06\/simone-veil-gala-sidaction-1985.jpg\" class=\"attachment-full size-full wp-image-20172\" alt=\"simone veil gala sidaction 1985 paradis latin\" srcset=\"https:\/\/www.paradislatin.com\/wp-content\/uploads\/2023\/06\/simone-veil-gala-sidaction-1985.jpg 720w, https:\/\/www.paradislatin.com\/wp-content\/uploads\/2023\/06\/simone-veil-gala-sidaction-1985-300x196.jpg 300w\" sizes=\"(max-width: 720px) 100vw, 720px\" \/>\t\t\t\t\t\t\t\t\t\t\t<figcaption class=\"widget-image-caption wp-caption-text\">Simone Veil<\/figcaption>\n\t\t\t\t\t\t\t\t\t\t<\/figure>\n\t\t\t\t\t\t\t\t\t<\/div>\n\t\t\t\t<\/div>\n\t\t\t\t<div class=\"elementor-element elementor-element-2e17aab ob-has-background-overlay elementor-widget elementor-widget-image\" data-id=\"2e17aab\" data-element_type=\"widget\" data-e-type=\"widget\" data-settings=\"{&quot;_ob_photomorph_use&quot;:&quot;no&quot;,&quot;_ob_perspektive_use&quot;:&quot;no&quot;,&quot;_ob_poopart_use&quot;:&quot;yes&quot;,&quot;_ob_shadough_use&quot;:&quot;no&quot;,&quot;_ob_allow_hoveranimator&quot;:&quot;no&quot;,&quot;_ob_widget_stalker_use&quot;:&quot;no&quot;}\" data-widget_type=\"image.default\">\n\t\t\t\t<div class=\"elementor-widget-container\">\n\t\t\t\t\t\t\t\t\t\t\t\t<figure class=\"wp-caption\">\n\t\t\t\t\t\t\t\t\t\t<img loading=\"lazy\" decoding=\"async\" width=\"720\" height=\"470\" src=\"https:\/\/www.paradislatin.com\/wp-content\/uploads\/2023\/06\/table-personnalites-gala-sidaction-1985.jpg\" class=\"attachment-full size-full wp-image-20174\" alt=\"table personnalit\u00e9s gala sidaction 1985\" srcset=\"https:\/\/www.paradislatin.com\/wp-content\/uploads\/2023\/06\/table-personnalites-gala-sidaction-1985.jpg 720w, https:\/\/www.paradislatin.com\/wp-content\/uploads\/2023\/06\/table-personnalites-gala-sidaction-1985-300x196.jpg 300w\" sizes=\"(max-width: 720px) 100vw, 720px\" \/>\t\t\t\t\t\t\t\t\t\t\t<figcaption class=\"widget-image-caption wp-caption-text\">Tabl\u00e9e de personnalit\u00e9s, notamment Jacques Chirac avec Elizabeth Taylor \u00e0 sa droite et Audrey Hepburn \u00e0 sa gauche.<\/figcaption>\n\t\t\t\t\t\t\t\t\t\t<\/figure>\n\t\t\t\t\t\t\t\t\t<\/div>\n\t\t\t\t<\/div>\n\t\t\t\t<div class=\"elementor-element elementor-element-9ff7b7b ob-has-background-overlay elementor-widget elementor-widget-image\" data-id=\"9ff7b7b\" data-element_type=\"widget\" data-e-type=\"widget\" data-settings=\"{&quot;_ob_photomorph_use&quot;:&quot;no&quot;,&quot;_ob_perspektive_use&quot;:&quot;no&quot;,&quot;_ob_poopart_use&quot;:&quot;yes&quot;,&quot;_ob_shadough_use&quot;:&quot;no&quot;,&quot;_ob_allow_hoveranimator&quot;:&quot;no&quot;,&quot;_ob_widget_stalker_use&quot;:&quot;no&quot;}\" data-widget_type=\"image.default\">\n\t\t\t\t<div class=\"elementor-widget-container\">\n\t\t\t\t\t\t\t\t\t\t\t\t<figure class=\"wp-caption\">\n\t\t\t\t\t\t\t\t\t\t<img loading=\"lazy\" decoding=\"async\" width=\"720\" height=\"470\" src=\"https:\/\/www.paradislatin.com\/wp-content\/uploads\/2023\/06\/dalida-gala-sidaction-1985.jpg\" class=\"attachment-full size-full wp-image-20176\" alt=\"dalida gala sidaction 1985\" srcset=\"https:\/\/www.paradislatin.com\/wp-content\/uploads\/2023\/06\/dalida-gala-sidaction-1985.jpg 720w, https:\/\/www.paradislatin.com\/wp-content\/uploads\/2023\/06\/dalida-gala-sidaction-1985-300x196.jpg 300w\" sizes=\"(max-width: 720px) 100vw, 720px\" \/>\t\t\t\t\t\t\t\t\t\t\t<figcaption class=\"widget-image-caption wp-caption-text\">Dalida sur sc\u00e8ne<\/figcaption>\n\t\t\t\t\t\t\t\t\t\t<\/figure>\n\t\t\t\t\t\t\t\t\t<\/div>\n\t\t\t\t<\/div>\n\t\t\t\t<div class=\"elementor-element elementor-element-8565bc7 ob-has-background-overlay elementor-widget elementor-widget-image\" data-id=\"8565bc7\" data-element_type=\"widget\" data-e-type=\"widget\" data-settings=\"{&quot;_ob_photomorph_use&quot;:&quot;no&quot;,&quot;_ob_perspektive_use&quot;:&quot;no&quot;,&quot;_ob_poopart_use&quot;:&quot;yes&quot;,&quot;_ob_shadough_use&quot;:&quot;no&quot;,&quot;_ob_allow_hoveranimator&quot;:&quot;no&quot;,&quot;_ob_widget_stalker_use&quot;:&quot;no&quot;}\" data-widget_type=\"image.default\">\n\t\t\t\t<div class=\"elementor-widget-container\">\n\t\t\t\t\t\t\t\t\t\t\t\t<figure class=\"wp-caption\">\n\t\t\t\t\t\t\t\t\t\t<img loading=\"lazy\" decoding=\"async\" width=\"720\" height=\"470\" src=\"https:\/\/www.paradislatin.com\/wp-content\/uploads\/2023\/06\/line-renaud-audrey-hepburn-gala-sidaction-1985.jpg\" class=\"attachment-full size-full wp-image-20178\" alt=\"line renaud audrey hepburn gala sidaction 1985\" \/>\t\t\t\t\t\t\t\t\t\t\t<figcaption class=\"widget-image-caption wp-caption-text\">Line Renaud et Audrey Hepburn sur sc\u00e8ne pour le tirage de la tombola<\/figcaption>\n\t\t\t\t\t\t\t\t\t\t<\/figure>\n\t\t\t\t\t\t\t\t\t<\/div>\n\t\t\t\t<\/div>\n\t\t\t\t<div class=\"elementor-element elementor-element-b433047 ob-has-background-overlay elementor-widget elementor-widget-image\" data-id=\"b433047\" data-element_type=\"widget\" data-e-type=\"widget\" data-settings=\"{&quot;_ob_photomorph_use&quot;:&quot;no&quot;,&quot;_ob_perspektive_use&quot;:&quot;no&quot;,&quot;_ob_poopart_use&quot;:&quot;yes&quot;,&quot;_ob_shadough_use&quot;:&quot;no&quot;,&quot;_ob_allow_hoveranimator&quot;:&quot;no&quot;,&quot;_ob_widget_stalker_use&quot;:&quot;no&quot;}\" data-widget_type=\"image.default\">\n\t\t\t\t<div class=\"elementor-widget-container\">\n\t\t\t\t\t\t\t\t\t\t\t\t<figure class=\"wp-caption\">\n\t\t\t\t\t\t\t\t\t\t<img loading=\"lazy\" decoding=\"async\" width=\"720\" height=\"470\" src=\"https:\/\/www.paradislatin.com\/wp-content\/uploads\/2023\/06\/line-renaud-elizabeth-taylor-jacques-chirac-gala-sidaction-1985.jpg\" class=\"attachment-full size-full wp-image-20182\" alt=\"line renaud jacques chirac elizabeth taylor gala sidaction 1985\" \/>\t\t\t\t\t\t\t\t\t\t\t<figcaption class=\"widget-image-caption wp-caption-text\">Line Renaud rejoint Jacques Chirac et Elizabeth Taylor sur sc\u00e8ne apr\u00e8s leurs discours<\/figcaption>\n\t\t\t\t\t\t\t\t\t\t<\/figure>\n\t\t\t\t\t\t\t\t\t<\/div>\n\t\t\t\t<\/div>\n\t\t\t\t<div class=\"elementor-element elementor-element-69e86c0 ob-harakiri-inherit ob-has-background-overlay elementor-widget elementor-widget-text-editor\" data-id=\"69e86c0\" data-element_type=\"widget\" data-e-type=\"widget\" data-settings=\"{&quot;_ob_use_harakiri&quot;:&quot;yes&quot;,&quot;_ob_harakiri_writing_mode&quot;:&quot;inherit&quot;,&quot;_ob_postman_use&quot;:&quot;no&quot;,&quot;_ob_perspektive_use&quot;:&quot;no&quot;,&quot;_ob_poopart_use&quot;:&quot;yes&quot;,&quot;_ob_shadough_use&quot;:&quot;no&quot;,&quot;_ob_allow_hoveranimator&quot;:&quot;no&quot;,&quot;_ob_widget_stalker_use&quot;:&quot;no&quot;}\" data-widget_type=\"text-editor.default\">\n\t\t\t\t<div class=\"elementor-widget-container\">\n\t\t\t\t\t\t\t\t\tDepuis, l\u2019engagement de Line Renaud en faveur de la lutte contre le sida n\u2019a jamais faibli. Devenu un \u00e9v\u00e8nement t\u00e9l\u00e9visuel majeur, le Sidaction a d\u00e9sormais lieu chaque ann\u00e9e. En 2021, pour sa 28e \u00e9dition, il s\u2019est \u00e0 nouveau tenu au Paradis Latin en pr\u00e9sence de personnalit\u00e9s telles que Carla Bruni, Patrick Bruel, Pascal Obispo, Thomas Dutronc, Amir et Bilal Hassani.\t\t\t\t\t\t\t\t<\/div>\n\t\t\t\t<\/div>\n\t\t\t\t<div class=\"elementor-element elementor-element-24bd4fe ob-has-background-overlay elementor-widget elementor-widget-image\" data-id=\"24bd4fe\" data-element_type=\"widget\" data-e-type=\"widget\" data-settings=\"{&quot;_ob_photomorph_use&quot;:&quot;no&quot;,&quot;_ob_perspektive_use&quot;:&quot;no&quot;,&quot;_ob_poopart_use&quot;:&quot;yes&quot;,&quot;_ob_shadough_use&quot;:&quot;no&quot;,&quot;_ob_allow_hoveranimator&quot;:&quot;no&quot;,&quot;_ob_widget_stalker_use&quot;:&quot;no&quot;}\" data-widget_type=\"image.default\">\n\t\t\t\t<div class=\"elementor-widget-container\">\n\t\t\t\t\t\t\t\t\t\t\t\t<figure class=\"wp-caption\">\n\t\t\t\t\t\t\t\t\t\t<img loading=\"lazy\" decoding=\"async\" width=\"720\" height=\"1088\" src=\"https:\/\/www.paradislatin.com\/wp-content\/uploads\/2023\/06\/jean-paul-gaultier-line-renaud-muriel-robin-olivier-mine-gala-sidaction-2021.jpg\" class=\"attachment-full size-full wp-image-20184\" alt=\"jean paul gaultier line renaud muriel robin olivier mine gala sidaction 2021\" srcset=\"https:\/\/www.paradislatin.com\/wp-content\/uploads\/2023\/06\/jean-paul-gaultier-line-renaud-muriel-robin-olivier-mine-gala-sidaction-2021.jpg 720w, https:\/\/www.paradislatin.com\/wp-content\/uploads\/2023\/06\/jean-paul-gaultier-line-renaud-muriel-robin-olivier-mine-gala-sidaction-2021-199x300.jpg 199w, https:\/\/www.paradislatin.com\/wp-content\/uploads\/2023\/06\/jean-paul-gaultier-line-renaud-muriel-robin-olivier-mine-gala-sidaction-2021-678x1024.jpg 678w\" sizes=\"(max-width: 720px) 100vw, 720px\" \/>\t\t\t\t\t\t\t\t\t\t\t<figcaption class=\"widget-image-caption wp-caption-text\">De gauche \u00e0 droite : Jean-Paul Gaultier, Line Renaud, Muriel Robin et Olivier Mine<\/figcaption>\n\t\t\t\t\t\t\t\t\t\t<\/figure>\n\t\t\t\t\t\t\t\t\t<\/div>\n\t\t\t\t<\/div>\n\t\t\t\t<div class=\"elementor-element elementor-element-c17694d ob-has-background-overlay elementor-widget elementor-widget-image\" data-id=\"c17694d\" data-element_type=\"widget\" data-e-type=\"widget\" data-settings=\"{&quot;_ob_photomorph_use&quot;:&quot;no&quot;,&quot;_ob_perspektive_use&quot;:&quot;no&quot;,&quot;_ob_poopart_use&quot;:&quot;yes&quot;,&quot;_ob_shadough_use&quot;:&quot;no&quot;,&quot;_ob_allow_hoveranimator&quot;:&quot;no&quot;,&quot;_ob_widget_stalker_use&quot;:&quot;no&quot;}\" data-widget_type=\"image.default\">\n\t\t\t\t<div class=\"elementor-widget-container\">\n\t\t\t\t\t\t\t\t\t\t\t\t<figure class=\"wp-caption\">\n\t\t\t\t\t\t\t\t\t\t<img loading=\"lazy\" decoding=\"async\" width=\"720\" height=\"1088\" src=\"https:\/\/www.paradislatin.com\/wp-content\/uploads\/2023\/06\/amir-carla-bruni-gala-sidaction-2021.jpg\" class=\"attachment-full size-full wp-image-20186\" alt=\"amir et carla bruni gala sidaction 2021\" \/>\t\t\t\t\t\t\t\t\t\t\t<figcaption class=\"widget-image-caption wp-caption-text\">Amir et Carla Bruni<\/figcaption>\n\t\t\t\t\t\t\t\t\t\t<\/figure>\n\t\t\t\t\t\t\t\t\t<\/div>\n\t\t\t\t<\/div>\n\t\t\t\t<div class=\"elementor-element elementor-element-3b991dd ob-has-background-overlay elementor-widget elementor-widget-image\" data-id=\"3b991dd\" data-element_type=\"widget\" data-e-type=\"widget\" data-settings=\"{&quot;_ob_photomorph_use&quot;:&quot;no&quot;,&quot;_ob_perspektive_use&quot;:&quot;no&quot;,&quot;_ob_poopart_use&quot;:&quot;yes&quot;,&quot;_ob_shadough_use&quot;:&quot;no&quot;,&quot;_ob_allow_hoveranimator&quot;:&quot;no&quot;,&quot;_ob_widget_stalker_use&quot;:&quot;no&quot;}\" data-widget_type=\"image.default\">\n\t\t\t\t<div class=\"elementor-widget-container\">\n\t\t\t\t\t\t\t\t\t\t\t\t<figure class=\"wp-caption\">\n\t\t\t\t\t\t\t\t\t\t<img loading=\"lazy\" decoding=\"async\" width=\"720\" height=\"1088\" src=\"https:\/\/www.paradislatin.com\/wp-content\/uploads\/2023\/06\/bilal-hassani-gala-sidaction-2021.jpg\" class=\"attachment-full size-full wp-image-20188\" alt=\"bilal hassani gala sidaction 2021\" srcset=\"https:\/\/www.paradislatin.com\/wp-content\/uploads\/2023\/06\/bilal-hassani-gala-sidaction-2021.jpg 720w, https:\/\/www.paradislatin.com\/wp-content\/uploads\/2023\/06\/bilal-hassani-gala-sidaction-2021-199x300.jpg 199w, https:\/\/www.paradislatin.com\/wp-content\/uploads\/2023\/06\/bilal-hassani-gala-sidaction-2021-678x1024.jpg 678w\" sizes=\"(max-width: 720px) 100vw, 720px\" \/>\t\t\t\t\t\t\t\t\t\t\t<figcaption class=\"widget-image-caption wp-caption-text\">Bilal Hassani<\/figcaption>\n\t\t\t\t\t\t\t\t\t\t<\/figure>\n\t\t\t\t\t\t\t\t\t<\/div>\n\t\t\t\t<\/div>\n\t\t\t\t<div class=\"elementor-element elementor-element-506743b ob-has-background-overlay elementor-widget elementor-widget-image\" data-id=\"506743b\" data-element_type=\"widget\" data-e-type=\"widget\" data-settings=\"{&quot;_ob_photomorph_use&quot;:&quot;no&quot;,&quot;_ob_perspektive_use&quot;:&quot;no&quot;,&quot;_ob_poopart_use&quot;:&quot;yes&quot;,&quot;_ob_shadough_use&quot;:&quot;no&quot;,&quot;_ob_allow_hoveranimator&quot;:&quot;no&quot;,&quot;_ob_widget_stalker_use&quot;:&quot;no&quot;}\" data-widget_type=\"image.default\">\n\t\t\t\t<div class=\"elementor-widget-container\">\n\t\t\t\t\t\t\t\t\t\t\t\t<figure class=\"wp-caption\">\n\t\t\t\t\t\t\t\t\t\t<img loading=\"lazy\" decoding=\"async\" width=\"720\" height=\"480\" src=\"https:\/\/www.paradislatin.com\/wp-content\/uploads\/2023\/06\/pascal-obispo-gala-sidaction-2021.jpg\" class=\"attachment-full size-full wp-image-20190\" alt=\"pascal obispo gala sidaction 2021\" srcset=\"https:\/\/www.paradislatin.com\/wp-content\/uploads\/2023\/06\/pascal-obispo-gala-sidaction-2021.jpg 720w, https:\/\/www.paradislatin.com\/wp-content\/uploads\/2023\/06\/pascal-obispo-gala-sidaction-2021-300x200.jpg 300w\" sizes=\"(max-width: 720px) 100vw, 720px\" \/>\t\t\t\t\t\t\t\t\t\t\t<figcaption class=\"widget-image-caption wp-caption-text\">Pascal Obispo interpr\u00eate \u00ab Sa raison d'\u00eatre \u00bb<\/figcaption>\n\t\t\t\t\t\t\t\t\t\t<\/figure>\n\t\t\t\t\t\t\t\t\t<\/div>\n\t\t\t\t<\/div>\n\t\t\t\t<div class=\"elementor-element elementor-element-a94916a ob-has-background-overlay elementor-widget elementor-widget-image\" data-id=\"a94916a\" data-element_type=\"widget\" data-e-type=\"widget\" data-settings=\"{&quot;_ob_photomorph_use&quot;:&quot;no&quot;,&quot;_ob_perspektive_use&quot;:&quot;no&quot;,&quot;_ob_poopart_use&quot;:&quot;yes&quot;,&quot;_ob_shadough_use&quot;:&quot;no&quot;,&quot;_ob_allow_hoveranimator&quot;:&quot;no&quot;,&quot;_ob_widget_stalker_use&quot;:&quot;no&quot;}\" data-widget_type=\"image.default\">\n\t\t\t\t<div class=\"elementor-widget-container\">\n\t\t\t\t\t\t\t\t\t\t\t\t<figure class=\"wp-caption\">\n\t\t\t\t\t\t\t\t\t\t<img loading=\"lazy\" decoding=\"async\" width=\"720\" height=\"480\" src=\"https:\/\/www.paradislatin.com\/wp-content\/uploads\/2023\/06\/patrick-bruel-gala-sidaction-2021.jpg\" class=\"attachment-full size-full wp-image-20192\" alt=\"patrick bruel gala sidaction 2021\" srcset=\"https:\/\/www.paradislatin.com\/wp-content\/uploads\/2023\/06\/patrick-bruel-gala-sidaction-2021.jpg 720w, https:\/\/www.paradislatin.com\/wp-content\/uploads\/2023\/06\/patrick-bruel-gala-sidaction-2021-300x200.jpg 300w\" sizes=\"(max-width: 720px) 100vw, 720px\" \/>\t\t\t\t\t\t\t\t\t\t\t<figcaption class=\"widget-image-caption wp-caption-text\">Patrick Bruel interpr\u00eate \u00ab L'amiti\u00e9 \u00bb<\/figcaption>\n\t\t\t\t\t\t\t\t\t\t<\/figure>\n\t\t\t\t\t\t\t\t\t<\/div>\n\t\t\t\t<\/div>\n\t\t\t\t<div class=\"elementor-element elementor-element-f091a7d ob-has-background-overlay elementor-widget elementor-widget-image\" data-id=\"f091a7d\" data-element_type=\"widget\" data-e-type=\"widget\" data-settings=\"{&quot;_ob_photomorph_use&quot;:&quot;no&quot;,&quot;_ob_perspektive_use&quot;:&quot;no&quot;,&quot;_ob_poopart_use&quot;:&quot;yes&quot;,&quot;_ob_shadough_use&quot;:&quot;no&quot;,&quot;_ob_allow_hoveranimator&quot;:&quot;no&quot;,&quot;_ob_widget_stalker_use&quot;:&quot;no&quot;}\" data-widget_type=\"image.default\">\n\t\t\t\t<div class=\"elementor-widget-container\">\n\t\t\t\t\t\t\t\t\t\t\t\t<figure class=\"wp-caption\">\n\t\t\t\t\t\t\t\t\t\t<img loading=\"lazy\" decoding=\"async\" width=\"720\" height=\"480\" src=\"https:\/\/www.paradislatin.com\/wp-content\/uploads\/2023\/06\/thomas-dutronc-gala-sidaction-2021.jpg\" class=\"attachment-full size-full wp-image-20194\" alt=\"thomas dutronc gala sidaction 2021\" \/>\t\t\t\t\t\t\t\t\t\t\t<figcaption class=\"widget-image-caption wp-caption-text\">Thomas Dutronc interpr\u00eate \u00ab La vie en rose \u00bb<\/figcaption>\n\t\t\t\t\t\t\t\t\t\t<\/figure>\n\t\t\t\t\t\t\t\t\t<\/div>\n\t\t\t\t<\/div>\n\t\t\t\t\t<\/div>\n\t\t<\/div>\n\t\t\t\t\t<\/div>\n\t\t<\/section>\n\t\t\t\t<section class=\"ob-is-breaking-bad elementor-section elementor-top-section elementor-element elementor-element-1c0f6ec elementor-section-boxed elementor-section-height-default elementor-section-height-default\" data-id=\"1c0f6ec\" data-element_type=\"section\" data-e-type=\"section\" data-settings=\"{&quot;_ob_bbad_use_it&quot;:&quot;yes&quot;,&quot;_ob_bbad_sssic_use&quot;:&quot;no&quot;,&quot;_ob_glider_is_slider&quot;:&quot;no&quot;}\">\n\t\t\t\t\t\t<div class=\"elementor-container elementor-column-gap-default\">\n\t\t\t\t\t<div class=\"elementor-column elementor-col-100 elementor-top-column elementor-element elementor-element-4ba3a28\" data-id=\"4ba3a28\" data-element_type=\"column\" data-e-type=\"column\" data-settings=\"{&quot;_ob_bbad_is_stalker&quot;:&quot;no&quot;,&quot;_ob_teleporter_use&quot;:false,&quot;_ob_column_hoveranimator&quot;:&quot;no&quot;,&quot;_ob_column_has_pseudo&quot;:&quot;no&quot;}\">\n\t\t\t<div class=\"elementor-widget-wrap elementor-element-populated\">\n\t\t\t\t\t\t<div class=\"elementor-element elementor-element-fb2b4d1 ob-has-background-overlay elementor-widget elementor-widget-spacer\" data-id=\"fb2b4d1\" data-element_type=\"widget\" data-e-type=\"widget\" data-settings=\"{&quot;_ob_spacerat_use&quot;:&quot;no&quot;,&quot;_ob_perspektive_use&quot;:&quot;no&quot;,&quot;_ob_poopart_use&quot;:&quot;yes&quot;,&quot;_ob_shadough_use&quot;:&quot;no&quot;,&quot;_ob_allow_hoveranimator&quot;:&quot;no&quot;,&quot;_ob_widget_stalker_use&quot;:&quot;no&quot;}\" data-widget_type=\"spacer.default\">\n\t\t\t\t<div class=\"elementor-widget-container\">\n\t\t\t\t\t\t\t<div class=\"elementor-spacer\">\n\t\t\t<div class=\"elementor-spacer-inner\"><\/div>\n\t\t<\/div>\n\t\t\t\t\t\t<\/div>\n\t\t\t\t<\/div>\n\t\t\t\t<div class=\"elementor-element elementor-element-8526c7a ob-harakiri-inherit ob-has-background-overlay elementor-widget elementor-widget-heading\" data-id=\"8526c7a\" data-element_type=\"widget\" data-e-type=\"widget\" data-settings=\"{&quot;_ob_use_harakiri&quot;:&quot;yes&quot;,&quot;_ob_harakiri_writing_mode&quot;:&quot;inherit&quot;,&quot;_ob_harakiri_text_clip&quot;:&quot;none&quot;,&quot;_ob_perspektive_use&quot;:&quot;no&quot;,&quot;_ob_poopart_use&quot;:&quot;yes&quot;,&quot;_ob_shadough_use&quot;:&quot;no&quot;,&quot;_ob_allow_hoveranimator&quot;:&quot;no&quot;,&quot;_ob_widget_stalker_use&quot;:&quot;no&quot;}\" data-widget_type=\"heading.default\">\n\t\t\t\t<div class=\"elementor-widget-container\">\n\t\t\t\t\t<h2 class=\"elementor-heading-title elementor-size-default\">Les personnalit\u00e9s d\u00e9filent et prennent la pose au Paradis Latin <\/h2>\t\t\t\t<\/div>\n\t\t\t\t<\/div>\n\t\t\t\t<div class=\"elementor-element elementor-element-55354f3 elementor-widget-divider--view-line ob-has-background-overlay elementor-widget elementor-widget-divider\" data-id=\"55354f3\" data-element_type=\"widget\" data-e-type=\"widget\" data-settings=\"{&quot;_ob_perspektive_use&quot;:&quot;no&quot;,&quot;_ob_poopart_use&quot;:&quot;yes&quot;,&quot;_ob_shadough_use&quot;:&quot;no&quot;,&quot;_ob_allow_hoveranimator&quot;:&quot;no&quot;,&quot;_ob_widget_stalker_use&quot;:&quot;no&quot;}\" data-widget_type=\"divider.default\">\n\t\t\t\t<div class=\"elementor-widget-container\">\n\t\t\t\t\t\t\t<div class=\"elementor-divider\">\n\t\t\t<span class=\"elementor-divider-separator\">\n\t\t\t\t\t\t<\/span>\n\t\t<\/div>\n\t\t\t\t\t\t<\/div>\n\t\t\t\t<\/div>\n\t\t\t\t<div class=\"elementor-element elementor-element-15ea078 ob-harakiri-inherit ob-has-background-overlay elementor-widget elementor-widget-text-editor\" data-id=\"15ea078\" data-element_type=\"widget\" data-e-type=\"widget\" data-settings=\"{&quot;_ob_use_harakiri&quot;:&quot;yes&quot;,&quot;_ob_harakiri_writing_mode&quot;:&quot;inherit&quot;,&quot;_ob_postman_use&quot;:&quot;no&quot;,&quot;_ob_perspektive_use&quot;:&quot;no&quot;,&quot;_ob_poopart_use&quot;:&quot;yes&quot;,&quot;_ob_shadough_use&quot;:&quot;no&quot;,&quot;_ob_allow_hoveranimator&quot;:&quot;no&quot;,&quot;_ob_widget_stalker_use&quot;:&quot;no&quot;}\" data-widget_type=\"text-editor.default\">\n\t\t\t\t<div class=\"elementor-widget-container\">\n\t\t\t\t\t\t\t\t\tDe nombreuses maisons de haute couture choisissent le Paradis Latin comme toile de fond pour leurs d\u00e9fil\u00e9s. En septembre 2013, dans le cadre de la Fashion Week de Paris, Jean-Paul Gaultier y a notamment pr\u00e9sent\u00e9 sa collection pr\u00eat-\u00e0-porter printemps-\u00e9t\u00e9 2014. \u00c0 cette occasion, quelques-uns des mannequins les plus c\u00e9l\u00e8bres du moment (Coco Rocha, Karlie Kloss, Joan Smalls, Hannelore Knuts, Lais Ribeiro&#8230;) ont fait le show sur sc\u00e8ne, devant un public compos\u00e9 de personnalit\u00e9s fran\u00e7aises et internationales parmi lesquelles Rossy de Palma, Catherine Deneuve ou encore la star de t\u00e9l\u00e9-r\u00e9alit\u00e9 Nabilla Benattia.\t\t\t\t\t\t\t\t<\/div>\n\t\t\t\t<\/div>\n\t\t\t\t<div class=\"elementor-element elementor-element-a03af7c ob-has-background-overlay elementor-widget elementor-widget-image\" data-id=\"a03af7c\" data-element_type=\"widget\" data-e-type=\"widget\" data-settings=\"{&quot;_ob_photomorph_use&quot;:&quot;no&quot;,&quot;_ob_perspektive_use&quot;:&quot;no&quot;,&quot;_ob_poopart_use&quot;:&quot;yes&quot;,&quot;_ob_shadough_use&quot;:&quot;no&quot;,&quot;_ob_allow_hoveranimator&quot;:&quot;no&quot;,&quot;_ob_widget_stalker_use&quot;:&quot;no&quot;}\" data-widget_type=\"image.default\">\n\t\t\t\t<div class=\"elementor-widget-container\">\n\t\t\t\t\t\t\t\t\t\t\t\t<figure class=\"wp-caption\">\n\t\t\t\t\t\t\t\t\t\t<img loading=\"lazy\" decoding=\"async\" width=\"720\" height=\"480\" src=\"https:\/\/www.paradislatin.com\/wp-content\/uploads\/2023\/06\/rossy-de-palma-tanel-bedrossiantz-jean-paul-gaultier-jury-defile-paradis-latin.jpg\" class=\"attachment-full size-full wp-image-20196\" alt=\"rossy de palma tanel bedrossiantz jean paul gaultier d\u00e9fil\u00e9 paradis latin\" \/>\t\t\t\t\t\t\t\t\t\t\t<figcaption class=\"widget-image-caption wp-caption-text\">De gauche \u00e0 droite : Rossy de Palma, Tanel Bedrossiantz et Jean-Paul Gaultier<\/figcaption>\n\t\t\t\t\t\t\t\t\t\t<\/figure>\n\t\t\t\t\t\t\t\t\t<\/div>\n\t\t\t\t<\/div>\n\t\t\t\t<div class=\"elementor-element elementor-element-c6a8e06 ob-has-background-overlay elementor-widget elementor-widget-image\" data-id=\"c6a8e06\" data-element_type=\"widget\" data-e-type=\"widget\" data-settings=\"{&quot;_ob_photomorph_use&quot;:&quot;no&quot;,&quot;_ob_perspektive_use&quot;:&quot;no&quot;,&quot;_ob_poopart_use&quot;:&quot;yes&quot;,&quot;_ob_shadough_use&quot;:&quot;no&quot;,&quot;_ob_allow_hoveranimator&quot;:&quot;no&quot;,&quot;_ob_widget_stalker_use&quot;:&quot;no&quot;}\" data-widget_type=\"image.default\">\n\t\t\t\t<div class=\"elementor-widget-container\">\n\t\t\t\t\t\t\t\t\t\t\t\t<figure class=\"wp-caption\">\n\t\t\t\t\t\t\t\t\t\t<img loading=\"lazy\" decoding=\"async\" width=\"720\" height=\"480\" src=\"https:\/\/www.paradislatin.com\/wp-content\/uploads\/2023\/06\/coco-rocha-karlie-kloss-defile-jean-paul-gaultier-2013.jpg\" class=\"attachment-full size-full wp-image-20198\" alt=\"coco rocha karlie kloss d\u00e9fil\u00e9 jean paul gaultier paradis latin\" srcset=\"https:\/\/www.paradislatin.com\/wp-content\/uploads\/2023\/06\/coco-rocha-karlie-kloss-defile-jean-paul-gaultier-2013.jpg 720w, https:\/\/www.paradislatin.com\/wp-content\/uploads\/2023\/06\/coco-rocha-karlie-kloss-defile-jean-paul-gaultier-2013-300x200.jpg 300w\" sizes=\"(max-width: 720px) 100vw, 720px\" \/>\t\t\t\t\t\t\t\t\t\t\t<figcaption class=\"widget-image-caption wp-caption-text\">Sur sc\u00e8ne : Coco Rocha en John Travolta et Karlie Kloss en Olivia Newton-John<\/figcaption>\n\t\t\t\t\t\t\t\t\t\t<\/figure>\n\t\t\t\t\t\t\t\t\t<\/div>\n\t\t\t\t<\/div>\n\t\t\t\t<div class=\"elementor-element elementor-element-8a62daa ob-has-background-overlay elementor-widget elementor-widget-image\" data-id=\"8a62daa\" data-element_type=\"widget\" data-e-type=\"widget\" data-settings=\"{&quot;_ob_photomorph_use&quot;:&quot;no&quot;,&quot;_ob_perspektive_use&quot;:&quot;no&quot;,&quot;_ob_poopart_use&quot;:&quot;yes&quot;,&quot;_ob_shadough_use&quot;:&quot;no&quot;,&quot;_ob_allow_hoveranimator&quot;:&quot;no&quot;,&quot;_ob_widget_stalker_use&quot;:&quot;no&quot;}\" data-widget_type=\"image.default\">\n\t\t\t\t<div class=\"elementor-widget-container\">\n\t\t\t\t\t\t\t\t\t\t\t\t<figure class=\"wp-caption\">\n\t\t\t\t\t\t\t\t\t\t<img loading=\"lazy\" decoding=\"async\" width=\"720\" height=\"1080\" src=\"https:\/\/www.paradislatin.com\/wp-content\/uploads\/2023\/06\/karlie-kloss-defile-jean-paul-gaultier-paradis-latin.jpg\" class=\"attachment-full size-full wp-image-20200\" alt=\"karlie kloss d\u00e9fil\u00e9 jean paul gaultier paradis latin\" srcset=\"https:\/\/www.paradislatin.com\/wp-content\/uploads\/2023\/06\/karlie-kloss-defile-jean-paul-gaultier-paradis-latin.jpg 720w, https:\/\/www.paradislatin.com\/wp-content\/uploads\/2023\/06\/karlie-kloss-defile-jean-paul-gaultier-paradis-latin-200x300.jpg 200w, https:\/\/www.paradislatin.com\/wp-content\/uploads\/2023\/06\/karlie-kloss-defile-jean-paul-gaultier-paradis-latin-683x1024.jpg 683w\" sizes=\"(max-width: 720px) 100vw, 720px\" \/>\t\t\t\t\t\t\t\t\t\t\t<figcaption class=\"widget-image-caption wp-caption-text\">Karlie Kloss sur sc\u00e8ne<\/figcaption>\n\t\t\t\t\t\t\t\t\t\t<\/figure>\n\t\t\t\t\t\t\t\t\t<\/div>\n\t\t\t\t<\/div>\n\t\t\t\t<div class=\"elementor-element elementor-element-55629ec ob-has-background-overlay elementor-widget elementor-widget-image\" data-id=\"55629ec\" data-element_type=\"widget\" data-e-type=\"widget\" data-settings=\"{&quot;_ob_photomorph_use&quot;:&quot;no&quot;,&quot;_ob_perspektive_use&quot;:&quot;no&quot;,&quot;_ob_poopart_use&quot;:&quot;yes&quot;,&quot;_ob_shadough_use&quot;:&quot;no&quot;,&quot;_ob_allow_hoveranimator&quot;:&quot;no&quot;,&quot;_ob_widget_stalker_use&quot;:&quot;no&quot;}\" data-widget_type=\"image.default\">\n\t\t\t\t<div class=\"elementor-widget-container\">\n\t\t\t\t\t\t\t\t\t\t\t\t<figure class=\"wp-caption\">\n\t\t\t\t\t\t\t\t\t\t<img loading=\"lazy\" decoding=\"async\" width=\"720\" height=\"1080\" src=\"https:\/\/www.paradislatin.com\/wp-content\/uploads\/2023\/06\/hannelore-knuts-tango-defile-jean-paul-gaultier-paradis-latin.jpg\" class=\"attachment-full size-full wp-image-20202\" alt=\"hannelore knuts defile jean paul gaultier paradis latin\" srcset=\"https:\/\/www.paradislatin.com\/wp-content\/uploads\/2023\/06\/hannelore-knuts-tango-defile-jean-paul-gaultier-paradis-latin.jpg 720w, https:\/\/www.paradislatin.com\/wp-content\/uploads\/2023\/06\/hannelore-knuts-tango-defile-jean-paul-gaultier-paradis-latin-200x300.jpg 200w, https:\/\/www.paradislatin.com\/wp-content\/uploads\/2023\/06\/hannelore-knuts-tango-defile-jean-paul-gaultier-paradis-latin-683x1024.jpg 683w\" sizes=\"(max-width: 720px) 100vw, 720px\" \/>\t\t\t\t\t\t\t\t\t\t\t<figcaption class=\"widget-image-caption wp-caption-text\">Hannelore Knuts danse le tango<\/figcaption>\n\t\t\t\t\t\t\t\t\t\t<\/figure>\n\t\t\t\t\t\t\t\t\t<\/div>\n\t\t\t\t<\/div>\n\t\t\t\t<div class=\"elementor-element elementor-element-63631be ob-has-background-overlay elementor-widget elementor-widget-image\" data-id=\"63631be\" data-element_type=\"widget\" data-e-type=\"widget\" data-settings=\"{&quot;_ob_photomorph_use&quot;:&quot;no&quot;,&quot;_ob_perspektive_use&quot;:&quot;no&quot;,&quot;_ob_poopart_use&quot;:&quot;yes&quot;,&quot;_ob_shadough_use&quot;:&quot;no&quot;,&quot;_ob_allow_hoveranimator&quot;:&quot;no&quot;,&quot;_ob_widget_stalker_use&quot;:&quot;no&quot;}\" data-widget_type=\"image.default\">\n\t\t\t\t<div class=\"elementor-widget-container\">\n\t\t\t\t\t\t\t\t\t\t\t\t<figure class=\"wp-caption\">\n\t\t\t\t\t\t\t\t\t\t<img loading=\"lazy\" decoding=\"async\" width=\"720\" height=\"480\" src=\"https:\/\/www.paradislatin.com\/wp-content\/uploads\/2023\/06\/catherine-deneuve-defile-jean-paul-gaultier-paradis-latin.jpg\" class=\"attachment-full size-full wp-image-20204\" alt=\"catherine deneuve d\u00e9fil\u00e9 jean paul gaultier paradis latin\" \/>\t\t\t\t\t\t\t\t\t\t\t<figcaption class=\"widget-image-caption wp-caption-text\">Catherine Deneuve dans le hall du Paradis Latin<\/figcaption>\n\t\t\t\t\t\t\t\t\t\t<\/figure>\n\t\t\t\t\t\t\t\t\t<\/div>\n\t\t\t\t<\/div>\n\t\t\t\t<div class=\"elementor-element elementor-element-ab37325 ob-has-background-overlay elementor-widget elementor-widget-image\" data-id=\"ab37325\" data-element_type=\"widget\" data-e-type=\"widget\" data-settings=\"{&quot;_ob_photomorph_use&quot;:&quot;no&quot;,&quot;_ob_perspektive_use&quot;:&quot;no&quot;,&quot;_ob_poopart_use&quot;:&quot;yes&quot;,&quot;_ob_shadough_use&quot;:&quot;no&quot;,&quot;_ob_allow_hoveranimator&quot;:&quot;no&quot;,&quot;_ob_widget_stalker_use&quot;:&quot;no&quot;}\" data-widget_type=\"image.default\">\n\t\t\t\t<div class=\"elementor-widget-container\">\n\t\t\t\t\t\t\t\t\t\t\t\t<figure class=\"wp-caption\">\n\t\t\t\t\t\t\t\t\t\t<img loading=\"lazy\" decoding=\"async\" width=\"720\" height=\"480\" src=\"https:\/\/www.paradislatin.com\/wp-content\/uploads\/2023\/06\/nabilla-defile-jean-paul-gaultier-paradis-latin.jpg\" class=\"attachment-full size-full wp-image-20206\" alt=\"nabilla benattia d\u00e9fil\u00e9 jean paul gaultier paradis latin\" \/>\t\t\t\t\t\t\t\t\t\t\t<figcaption class=\"widget-image-caption wp-caption-text\">Nabilla Benattia dans la grande salle du Paradis Latin<\/figcaption>\n\t\t\t\t\t\t\t\t\t\t<\/figure>\n\t\t\t\t\t\t\t\t\t<\/div>\n\t\t\t\t<\/div>\n\t\t\t\t<div class=\"elementor-element elementor-element-c9caeef ob-harakiri-inherit ob-has-background-overlay elementor-widget elementor-widget-text-editor\" data-id=\"c9caeef\" data-element_type=\"widget\" data-e-type=\"widget\" data-settings=\"{&quot;_ob_use_harakiri&quot;:&quot;yes&quot;,&quot;_ob_harakiri_writing_mode&quot;:&quot;inherit&quot;,&quot;_ob_postman_use&quot;:&quot;no&quot;,&quot;_ob_perspektive_use&quot;:&quot;no&quot;,&quot;_ob_poopart_use&quot;:&quot;yes&quot;,&quot;_ob_shadough_use&quot;:&quot;no&quot;,&quot;_ob_allow_hoveranimator&quot;:&quot;no&quot;,&quot;_ob_widget_stalker_use&quot;:&quot;no&quot;}\" data-widget_type=\"text-editor.default\">\n\t\t\t\t<div class=\"elementor-widget-container\">\n\t\t\t\t\t\t\t\t\tRestons dans l\u2019univers de la mode, car le Paradis Latin offre \u00e9galement un cadre somptueux pour un shooting photo. En t\u00e9moignent ces clich\u00e9s de la c\u00e9l\u00e8bre actrice italienne Monica Bellucci, r\u00e9alis\u00e9s en 2020 par la photographe Ellen von Unwerth pour illustrer le 30e num\u00e9ro de Sorbet Magazine.\t\t\t\t\t\t\t\t<\/div>\n\t\t\t\t<\/div>\n\t\t\t\t<div class=\"elementor-element elementor-element-5079662 ob-has-background-overlay elementor-widget elementor-widget-image\" data-id=\"5079662\" data-element_type=\"widget\" data-e-type=\"widget\" data-settings=\"{&quot;_ob_photomorph_use&quot;:&quot;no&quot;,&quot;_ob_perspektive_use&quot;:&quot;no&quot;,&quot;_ob_poopart_use&quot;:&quot;yes&quot;,&quot;_ob_shadough_use&quot;:&quot;no&quot;,&quot;_ob_allow_hoveranimator&quot;:&quot;no&quot;,&quot;_ob_widget_stalker_use&quot;:&quot;no&quot;}\" data-widget_type=\"image.default\">\n\t\t\t\t<div class=\"elementor-widget-container\">\n\t\t\t\t\t\t\t\t\t\t\t\t\t\t\t<img loading=\"lazy\" decoding=\"async\" width=\"720\" height=\"480\" src=\"https:\/\/www.paradislatin.com\/wp-content\/uploads\/2023\/06\/monica-bellucci-shooting-paradis-latin.jpg\" class=\"attachment-full size-full wp-image-20208\" alt=\"monica bellucci paradis latin cabaret\" srcset=\"https:\/\/www.paradislatin.com\/wp-content\/uploads\/2023\/06\/monica-bellucci-shooting-paradis-latin.jpg 720w, https:\/\/www.paradislatin.com\/wp-content\/uploads\/2023\/06\/monica-bellucci-shooting-paradis-latin-300x200.jpg 300w\" sizes=\"(max-width: 720px) 100vw, 720px\" \/>\t\t\t\t\t\t\t\t\t\t\t\t\t\t\t<\/div>\n\t\t\t\t<\/div>\n\t\t\t\t<div class=\"elementor-element elementor-element-cd5f37f ob-has-background-overlay elementor-widget elementor-widget-image\" data-id=\"cd5f37f\" data-element_type=\"widget\" data-e-type=\"widget\" data-settings=\"{&quot;_ob_photomorph_use&quot;:&quot;no&quot;,&quot;_ob_perspektive_use&quot;:&quot;no&quot;,&quot;_ob_poopart_use&quot;:&quot;yes&quot;,&quot;_ob_shadough_use&quot;:&quot;no&quot;,&quot;_ob_allow_hoveranimator&quot;:&quot;no&quot;,&quot;_ob_widget_stalker_use&quot;:&quot;no&quot;}\" data-widget_type=\"image.default\">\n\t\t\t\t<div class=\"elementor-widget-container\">\n\t\t\t\t\t\t\t\t\t\t\t\t\t\t\t<img loading=\"lazy\" decoding=\"async\" width=\"720\" height=\"480\" src=\"https:\/\/www.paradislatin.com\/wp-content\/uploads\/2023\/06\/monica-bellucci-shooting-paradis-latin-2.jpg\" class=\"attachment-full size-full wp-image-20210\" alt=\"monica bellucci paradis latin cabaret\" srcset=\"https:\/\/www.paradislatin.com\/wp-content\/uploads\/2023\/06\/monica-bellucci-shooting-paradis-latin-2.jpg 720w, https:\/\/www.paradislatin.com\/wp-content\/uploads\/2023\/06\/monica-bellucci-shooting-paradis-latin-2-300x200.jpg 300w\" sizes=\"(max-width: 720px) 100vw, 720px\" \/>\t\t\t\t\t\t\t\t\t\t\t\t\t\t\t<\/div>\n\t\t\t\t<\/div>\n\t\t\t\t<div class=\"elementor-element elementor-element-c315269 ob-has-background-overlay elementor-widget elementor-widget-image\" data-id=\"c315269\" data-element_type=\"widget\" data-e-type=\"widget\" data-settings=\"{&quot;_ob_photomorph_use&quot;:&quot;no&quot;,&quot;_ob_perspektive_use&quot;:&quot;no&quot;,&quot;_ob_poopart_use&quot;:&quot;yes&quot;,&quot;_ob_shadough_use&quot;:&quot;no&quot;,&quot;_ob_allow_hoveranimator&quot;:&quot;no&quot;,&quot;_ob_widget_stalker_use&quot;:&quot;no&quot;}\" data-widget_type=\"image.default\">\n\t\t\t\t<div class=\"elementor-widget-container\">\n\t\t\t\t\t\t\t\t\t\t\t\t\t\t\t<img loading=\"lazy\" decoding=\"async\" width=\"720\" height=\"480\" src=\"https:\/\/www.paradislatin.com\/wp-content\/uploads\/2023\/06\/monica-bellucci-shooting-paradis-latin-3.jpg\" class=\"attachment-full size-full wp-image-20212\" alt=\"monica bellucci paradis latin cabaret\" srcset=\"https:\/\/www.paradislatin.com\/wp-content\/uploads\/2023\/06\/monica-bellucci-shooting-paradis-latin-3.jpg 720w, https:\/\/www.paradislatin.com\/wp-content\/uploads\/2023\/06\/monica-bellucci-shooting-paradis-latin-3-300x200.jpg 300w\" sizes=\"(max-width: 720px) 100vw, 720px\" \/>\t\t\t\t\t\t\t\t\t\t\t\t\t\t\t<\/div>\n\t\t\t\t<\/div>\n\t\t\t\t<div class=\"elementor-element elementor-element-ec3cce9 ob-has-background-overlay elementor-widget elementor-widget-image\" data-id=\"ec3cce9\" data-element_type=\"widget\" data-e-type=\"widget\" data-settings=\"{&quot;_ob_photomorph_use&quot;:&quot;no&quot;,&quot;_ob_perspektive_use&quot;:&quot;no&quot;,&quot;_ob_poopart_use&quot;:&quot;yes&quot;,&quot;_ob_shadough_use&quot;:&quot;no&quot;,&quot;_ob_allow_hoveranimator&quot;:&quot;no&quot;,&quot;_ob_widget_stalker_use&quot;:&quot;no&quot;}\" data-widget_type=\"image.default\">\n\t\t\t\t<div class=\"elementor-widget-container\">\n\t\t\t\t\t\t\t\t\t\t\t\t\t\t\t<img loading=\"lazy\" decoding=\"async\" width=\"720\" height=\"480\" src=\"https:\/\/www.paradislatin.com\/wp-content\/uploads\/2023\/06\/monica-bellucci-shooting-paradis-latin-4.jpg\" class=\"attachment-full size-full wp-image-20214\" alt=\"monica bellucci paradis latin cabaret\" srcset=\"https:\/\/www.paradislatin.com\/wp-content\/uploads\/2023\/06\/monica-bellucci-shooting-paradis-latin-4.jpg 720w, https:\/\/www.paradislatin.com\/wp-content\/uploads\/2023\/06\/monica-bellucci-shooting-paradis-latin-4-300x200.jpg 300w\" sizes=\"(max-width: 720px) 100vw, 720px\" \/>\t\t\t\t\t\t\t\t\t\t\t\t\t\t\t<\/div>\n\t\t\t\t<\/div>\n\t\t\t\t\t<\/div>\n\t\t<\/div>\n\t\t\t\t\t<\/div>\n\t\t<\/section>\n\t\t\t\t<section class=\"ob-is-breaking-bad elementor-section elementor-top-section elementor-element elementor-element-932b199 elementor-section-boxed elementor-section-height-default elementor-section-height-default\" data-id=\"932b199\" data-element_type=\"section\" data-e-type=\"section\" data-settings=\"{&quot;_ob_bbad_use_it&quot;:&quot;yes&quot;,&quot;_ob_bbad_sssic_use&quot;:&quot;no&quot;,&quot;_ob_glider_is_slider&quot;:&quot;no&quot;}\">\n\t\t\t\t\t\t<div class=\"elementor-container elementor-column-gap-default\">\n\t\t\t\t\t<div class=\"elementor-column elementor-col-100 elementor-top-column elementor-element elementor-element-e081bbe\" data-id=\"e081bbe\" data-element_type=\"column\" data-e-type=\"column\" data-settings=\"{&quot;_ob_bbad_is_stalker&quot;:&quot;no&quot;,&quot;_ob_teleporter_use&quot;:false,&quot;_ob_column_hoveranimator&quot;:&quot;no&quot;,&quot;_ob_column_has_pseudo&quot;:&quot;no&quot;}\">\n\t\t\t<div class=\"elementor-widget-wrap elementor-element-populated\">\n\t\t\t\t\t\t<div class=\"elementor-element elementor-element-56c9ac4 ob-has-background-overlay elementor-widget elementor-widget-spacer\" data-id=\"56c9ac4\" data-element_type=\"widget\" data-e-type=\"widget\" data-settings=\"{&quot;_ob_spacerat_use&quot;:&quot;no&quot;,&quot;_ob_perspektive_use&quot;:&quot;no&quot;,&quot;_ob_poopart_use&quot;:&quot;yes&quot;,&quot;_ob_shadough_use&quot;:&quot;no&quot;,&quot;_ob_allow_hoveranimator&quot;:&quot;no&quot;,&quot;_ob_widget_stalker_use&quot;:&quot;no&quot;}\" data-widget_type=\"spacer.default\">\n\t\t\t\t<div class=\"elementor-widget-container\">\n\t\t\t\t\t\t\t<div class=\"elementor-spacer\">\n\t\t\t<div class=\"elementor-spacer-inner\"><\/div>\n\t\t<\/div>\n\t\t\t\t\t\t<\/div>\n\t\t\t\t<\/div>\n\t\t\t\t<div class=\"elementor-element elementor-element-65bd35a ob-harakiri-inherit ob-has-background-overlay elementor-widget elementor-widget-heading\" data-id=\"65bd35a\" data-element_type=\"widget\" data-e-type=\"widget\" data-settings=\"{&quot;_ob_use_harakiri&quot;:&quot;yes&quot;,&quot;_ob_harakiri_writing_mode&quot;:&quot;inherit&quot;,&quot;_ob_harakiri_text_clip&quot;:&quot;none&quot;,&quot;_ob_perspektive_use&quot;:&quot;no&quot;,&quot;_ob_poopart_use&quot;:&quot;yes&quot;,&quot;_ob_shadough_use&quot;:&quot;no&quot;,&quot;_ob_allow_hoveranimator&quot;:&quot;no&quot;,&quot;_ob_widget_stalker_use&quot;:&quot;no&quot;}\" data-widget_type=\"heading.default\">\n\t\t\t\t<div class=\"elementor-widget-container\">\n\t\t\t\t\t<h2 class=\"elementor-heading-title elementor-size-default\">Les humoristes c\u00e9l\u00e8bres aussi \u00e0 l\u2019honneur au Paradis Latin<\/h2>\t\t\t\t<\/div>\n\t\t\t\t<\/div>\n\t\t\t\t<div class=\"elementor-element elementor-element-f84e3b9 elementor-widget-divider--view-line ob-has-background-overlay elementor-widget elementor-widget-divider\" data-id=\"f84e3b9\" data-element_type=\"widget\" data-e-type=\"widget\" data-settings=\"{&quot;_ob_perspektive_use&quot;:&quot;no&quot;,&quot;_ob_poopart_use&quot;:&quot;yes&quot;,&quot;_ob_shadough_use&quot;:&quot;no&quot;,&quot;_ob_allow_hoveranimator&quot;:&quot;no&quot;,&quot;_ob_widget_stalker_use&quot;:&quot;no&quot;}\" data-widget_type=\"divider.default\">\n\t\t\t\t<div class=\"elementor-widget-container\">\n\t\t\t\t\t\t\t<div class=\"elementor-divider\">\n\t\t\t<span class=\"elementor-divider-separator\">\n\t\t\t\t\t\t<\/span>\n\t\t<\/div>\n\t\t\t\t\t\t<\/div>\n\t\t\t\t<\/div>\n\t\t\t\t<div class=\"elementor-element elementor-element-ea0838e ob-harakiri-inherit ob-has-background-overlay elementor-widget elementor-widget-text-editor\" data-id=\"ea0838e\" data-element_type=\"widget\" data-e-type=\"widget\" data-settings=\"{&quot;_ob_use_harakiri&quot;:&quot;yes&quot;,&quot;_ob_harakiri_writing_mode&quot;:&quot;inherit&quot;,&quot;_ob_postman_use&quot;:&quot;no&quot;,&quot;_ob_perspektive_use&quot;:&quot;no&quot;,&quot;_ob_poopart_use&quot;:&quot;yes&quot;,&quot;_ob_shadough_use&quot;:&quot;no&quot;,&quot;_ob_allow_hoveranimator&quot;:&quot;no&quot;,&quot;_ob_widget_stalker_use&quot;:&quot;no&quot;}\" data-widget_type=\"text-editor.default\">\n\t\t\t\t<div class=\"elementor-widget-container\">\n\t\t\t\t\t\t\t\t\t<p>Bon nombre d\u2019humoristes, notamment Florence Foresti et Marina Rollman, ont pris leur quartier au Paradis Latin le temps d\u2019un spectacle. C\u2019est aussi le cas de Jamel Debbouze qui y a organis\u00e9 le \u00ab Gala du Jamel Comedy Club \u00bb, en fin d\u2019ann\u00e9e 2020, accompagn\u00e9 de 9 personnalit\u00e9s montantes du stand-up : Ayoub Marceau, Morgane Cadignan, Az, Samuel Bambi, F\u00e9lix Dhjan, Pierre Thevenoux, Rey Mendes, Fanny Ruwet et Paul Mirabel.<\/p>\t\t\t\t\t\t\t\t<\/div>\n\t\t\t\t<\/div>\n\t\t\t\t<div class=\"elementor-element elementor-element-4cfa16b ob-has-background-overlay elementor-widget elementor-widget-image\" data-id=\"4cfa16b\" data-element_type=\"widget\" data-e-type=\"widget\" data-settings=\"{&quot;_ob_photomorph_use&quot;:&quot;no&quot;,&quot;_ob_perspektive_use&quot;:&quot;no&quot;,&quot;_ob_poopart_use&quot;:&quot;yes&quot;,&quot;_ob_shadough_use&quot;:&quot;no&quot;,&quot;_ob_allow_hoveranimator&quot;:&quot;no&quot;,&quot;_ob_widget_stalker_use&quot;:&quot;no&quot;}\" data-widget_type=\"image.default\">\n\t\t\t\t<div class=\"elementor-widget-container\">\n\t\t\t\t\t\t\t\t\t\t\t\t<figure class=\"wp-caption\">\n\t\t\t\t\t\t\t\t\t\t<img loading=\"lazy\" decoding=\"async\" width=\"720\" height=\"960\" src=\"https:\/\/www.paradislatin.com\/wp-content\/uploads\/2023\/06\/jamel-comedy-club-paradis-latin.jpg\" class=\"attachment-full size-full wp-image-20216\" alt=\"gala jamel comedy club paradis latin\" srcset=\"https:\/\/www.paradislatin.com\/wp-content\/uploads\/2023\/06\/jamel-comedy-club-paradis-latin.jpg 720w, https:\/\/www.paradislatin.com\/wp-content\/uploads\/2023\/06\/jamel-comedy-club-paradis-latin-225x300.jpg 225w\" sizes=\"(max-width: 720px) 100vw, 720px\" \/>\t\t\t\t\t\t\t\t\t\t\t<figcaption class=\"widget-image-caption wp-caption-text\">Sur sc\u00e8ne : Jamel Debbouze<\/figcaption>\n\t\t\t\t\t\t\t\t\t\t<\/figure>\n\t\t\t\t\t\t\t\t\t<\/div>\n\t\t\t\t<\/div>\n\t\t\t\t<div class=\"elementor-element elementor-element-22eb950 ob-has-background-overlay elementor-widget elementor-widget-image\" data-id=\"22eb950\" data-element_type=\"widget\" data-e-type=\"widget\" data-settings=\"{&quot;_ob_photomorph_use&quot;:&quot;no&quot;,&quot;_ob_perspektive_use&quot;:&quot;no&quot;,&quot;_ob_poopart_use&quot;:&quot;yes&quot;,&quot;_ob_shadough_use&quot;:&quot;no&quot;,&quot;_ob_allow_hoveranimator&quot;:&quot;no&quot;,&quot;_ob_widget_stalker_use&quot;:&quot;no&quot;}\" data-widget_type=\"image.default\">\n\t\t\t\t<div class=\"elementor-widget-container\">\n\t\t\t\t\t\t\t\t\t\t\t\t<figure class=\"wp-caption\">\n\t\t\t\t\t\t\t\t\t\t<img loading=\"lazy\" decoding=\"async\" width=\"720\" height=\"540\" src=\"https:\/\/www.paradislatin.com\/wp-content\/uploads\/2023\/06\/jamel-debbouze-cabaret-paradis-latin.jpg\" class=\"attachment-full size-full wp-image-20218\" alt=\"jamel debbouze danseuses paradis latin\" srcset=\"https:\/\/www.paradislatin.com\/wp-content\/uploads\/2023\/06\/jamel-debbouze-cabaret-paradis-latin.jpg 720w, https:\/\/www.paradislatin.com\/wp-content\/uploads\/2023\/06\/jamel-debbouze-cabaret-paradis-latin-300x225.jpg 300w\" sizes=\"(max-width: 720px) 100vw, 720px\" \/>\t\t\t\t\t\t\t\t\t\t\t<figcaption class=\"widget-image-caption wp-caption-text\">Jamel Debbouze entour\u00e9 des danseuses du Paradis Latin<\/figcaption>\n\t\t\t\t\t\t\t\t\t\t<\/figure>\n\t\t\t\t\t\t\t\t\t<\/div>\n\t\t\t\t<\/div>\n\t\t\t\t<div class=\"elementor-element elementor-element-48f76bc ob-has-background-overlay elementor-widget elementor-widget-image\" data-id=\"48f76bc\" data-element_type=\"widget\" data-e-type=\"widget\" data-settings=\"{&quot;_ob_photomorph_use&quot;:&quot;no&quot;,&quot;_ob_perspektive_use&quot;:&quot;no&quot;,&quot;_ob_poopart_use&quot;:&quot;yes&quot;,&quot;_ob_shadough_use&quot;:&quot;no&quot;,&quot;_ob_allow_hoveranimator&quot;:&quot;no&quot;,&quot;_ob_widget_stalker_use&quot;:&quot;no&quot;}\" data-widget_type=\"image.default\">\n\t\t\t\t<div class=\"elementor-widget-container\">\n\t\t\t\t\t\t\t\t\t\t\t\t<figure class=\"wp-caption\">\n\t\t\t\t\t\t\t\t\t\t<img loading=\"lazy\" decoding=\"async\" width=\"720\" height=\"960\" src=\"https:\/\/www.paradislatin.com\/wp-content\/uploads\/2023\/06\/paul-mirabel-jamel-comedy-club-paradis-latin.jpg\" class=\"attachment-full size-full wp-image-20220\" alt=\"paul mirabel gala jamel comedy club\" \/>\t\t\t\t\t\t\t\t\t\t\t<figcaption class=\"widget-image-caption wp-caption-text\">Sur sc\u00e8ne : Paul Mirabel<\/figcaption>\n\t\t\t\t\t\t\t\t\t\t<\/figure>\n\t\t\t\t\t\t\t\t\t<\/div>\n\t\t\t\t<\/div>\n\t\t\t\t<div class=\"elementor-element elementor-element-b78d1fb ob-has-background-overlay elementor-widget elementor-widget-image\" data-id=\"b78d1fb\" data-element_type=\"widget\" data-e-type=\"widget\" data-settings=\"{&quot;_ob_photomorph_use&quot;:&quot;no&quot;,&quot;_ob_perspektive_use&quot;:&quot;no&quot;,&quot;_ob_poopart_use&quot;:&quot;yes&quot;,&quot;_ob_shadough_use&quot;:&quot;no&quot;,&quot;_ob_allow_hoveranimator&quot;:&quot;no&quot;,&quot;_ob_widget_stalker_use&quot;:&quot;no&quot;}\" data-widget_type=\"image.default\">\n\t\t\t\t<div class=\"elementor-widget-container\">\n\t\t\t\t\t\t\t\t\t\t\t\t<figure class=\"wp-caption\">\n\t\t\t\t\t\t\t\t\t\t<img loading=\"lazy\" decoding=\"async\" width=\"720\" height=\"960\" src=\"https:\/\/www.paradislatin.com\/wp-content\/uploads\/2023\/06\/fanny-ruwet-jamel-comedy-club-paradis-latin.jpg\" class=\"attachment-full size-full wp-image-20222\" alt=\"fanny ruwet gala jamel comedy club\" \/>\t\t\t\t\t\t\t\t\t\t\t<figcaption class=\"widget-image-caption wp-caption-text\">Sur sc\u00e8ne : Fanny Ruwet<\/figcaption>\n\t\t\t\t\t\t\t\t\t\t<\/figure>\n\t\t\t\t\t\t\t\t\t<\/div>\n\t\t\t\t<\/div>\n\t\t\t\t\t<\/div>\n\t\t<\/div>\n\t\t\t\t\t<\/div>\n\t\t<\/section>\n\t\t\t\t<section class=\"ob-is-breaking-bad elementor-section elementor-top-section elementor-element elementor-element-9d60477 elementor-section-boxed elementor-section-height-default elementor-section-height-default\" data-id=\"9d60477\" data-element_type=\"section\" data-e-type=\"section\" data-settings=\"{&quot;_ob_bbad_use_it&quot;:&quot;yes&quot;,&quot;_ob_bbad_sssic_use&quot;:&quot;no&quot;,&quot;_ob_glider_is_slider&quot;:&quot;no&quot;}\">\n\t\t\t\t\t\t<div class=\"elementor-container elementor-column-gap-default\">\n\t\t\t\t\t<div class=\"elementor-column elementor-col-100 elementor-top-column elementor-element elementor-element-6e7bb17\" data-id=\"6e7bb17\" data-element_type=\"column\" data-e-type=\"column\" data-settings=\"{&quot;_ob_bbad_is_stalker&quot;:&quot;no&quot;,&quot;_ob_teleporter_use&quot;:false,&quot;_ob_column_hoveranimator&quot;:&quot;no&quot;,&quot;_ob_column_has_pseudo&quot;:&quot;no&quot;}\">\n\t\t\t<div class=\"elementor-widget-wrap elementor-element-populated\">\n\t\t\t\t\t\t<div class=\"elementor-element elementor-element-0a0a95f ob-has-background-overlay elementor-widget elementor-widget-spacer\" data-id=\"0a0a95f\" data-element_type=\"widget\" data-e-type=\"widget\" data-settings=\"{&quot;_ob_spacerat_use&quot;:&quot;no&quot;,&quot;_ob_perspektive_use&quot;:&quot;no&quot;,&quot;_ob_poopart_use&quot;:&quot;yes&quot;,&quot;_ob_shadough_use&quot;:&quot;no&quot;,&quot;_ob_allow_hoveranimator&quot;:&quot;no&quot;,&quot;_ob_widget_stalker_use&quot;:&quot;no&quot;}\" data-widget_type=\"spacer.default\">\n\t\t\t\t<div class=\"elementor-widget-container\">\n\t\t\t\t\t\t\t<div class=\"elementor-spacer\">\n\t\t\t<div class=\"elementor-spacer-inner\"><\/div>\n\t\t<\/div>\n\t\t\t\t\t\t<\/div>\n\t\t\t\t<\/div>\n\t\t\t\t<div class=\"elementor-element elementor-element-f5618d2 ob-harakiri-inherit ob-has-background-overlay elementor-widget elementor-widget-heading\" data-id=\"f5618d2\" data-element_type=\"widget\" data-e-type=\"widget\" data-settings=\"{&quot;_ob_use_harakiri&quot;:&quot;yes&quot;,&quot;_ob_harakiri_writing_mode&quot;:&quot;inherit&quot;,&quot;_ob_harakiri_text_clip&quot;:&quot;none&quot;,&quot;_ob_perspektive_use&quot;:&quot;no&quot;,&quot;_ob_poopart_use&quot;:&quot;yes&quot;,&quot;_ob_shadough_use&quot;:&quot;no&quot;,&quot;_ob_allow_hoveranimator&quot;:&quot;no&quot;,&quot;_ob_widget_stalker_use&quot;:&quot;no&quot;}\" data-widget_type=\"heading.default\">\n\t\t\t\t<div class=\"elementor-widget-container\">\n\t\t\t\t\t<h2 class=\"elementor-heading-title elementor-size-default\">Les personnalit\u00e9s qui ont assist\u00e9 \u00e0 un show du Paradis Latin<\/h2>\t\t\t\t<\/div>\n\t\t\t\t<\/div>\n\t\t\t\t<div class=\"elementor-element elementor-element-6416c13 elementor-widget-divider--view-line ob-has-background-overlay elementor-widget elementor-widget-divider\" data-id=\"6416c13\" data-element_type=\"widget\" data-e-type=\"widget\" data-settings=\"{&quot;_ob_perspektive_use&quot;:&quot;no&quot;,&quot;_ob_poopart_use&quot;:&quot;yes&quot;,&quot;_ob_shadough_use&quot;:&quot;no&quot;,&quot;_ob_allow_hoveranimator&quot;:&quot;no&quot;,&quot;_ob_widget_stalker_use&quot;:&quot;no&quot;}\" data-widget_type=\"divider.default\">\n\t\t\t\t<div class=\"elementor-widget-container\">\n\t\t\t\t\t\t\t<div class=\"elementor-divider\">\n\t\t\t<span class=\"elementor-divider-separator\">\n\t\t\t\t\t\t<\/span>\n\t\t<\/div>\n\t\t\t\t\t\t<\/div>\n\t\t\t\t<\/div>\n\t\t\t\t<div class=\"elementor-element elementor-element-e87c4cf ob-harakiri-inherit ob-has-background-overlay elementor-widget elementor-widget-text-editor\" data-id=\"e87c4cf\" data-element_type=\"widget\" data-e-type=\"widget\" data-settings=\"{&quot;_ob_use_harakiri&quot;:&quot;yes&quot;,&quot;_ob_harakiri_writing_mode&quot;:&quot;inherit&quot;,&quot;_ob_postman_use&quot;:&quot;no&quot;,&quot;_ob_perspektive_use&quot;:&quot;no&quot;,&quot;_ob_poopart_use&quot;:&quot;yes&quot;,&quot;_ob_shadough_use&quot;:&quot;no&quot;,&quot;_ob_allow_hoveranimator&quot;:&quot;no&quot;,&quot;_ob_widget_stalker_use&quot;:&quot;no&quot;}\" data-widget_type=\"text-editor.default\">\n\t\t\t\t<div class=\"elementor-widget-container\">\n\t\t\t\t\t\t\t\t\t<p>Des personnalit\u00e9s viennent r\u00e9guli\u00e8rement assister \u00e0 notre fabuleux spectacle \u00ab <a href=\"https:\/\/www.paradislatin.com\/fr\/spectacle-offres\/\">L&rsquo;Oiseau Paradis<\/a> \u00bb mis en sc\u00e8ne et chor\u00e9graphi\u00e9 par <a href=\"https:\/\/www.paradislatin.com\/fr\/kamel-ouali\/\">Kamel Ouali<\/a>.<\/p><p>Lors de la premi\u00e8re, le 2 mai 2019, un grand nombre de peoples de tous horizons (t\u00e9l\u00e9vision, musique, cin\u00e9ma, mode\u2026) \u00e9taient venus appr\u00e9cier le show. Outre Jean-Paul Gaultier, Amanda Lear, Joyce Jonathan, Cristina C\u00f3rdula ou encore Arielle Dombasle, plusieurs Miss France avaient \u00e9galement fait le d\u00e9placement pour applaudir <a href=\"https:\/\/www.paradislatin.com\/fr\/iris-mittenaere\/\">Iris Mittenaere<\/a>, qui \u00e9tait alors la meneuse de revue.<\/p>\t\t\t\t\t\t\t\t<\/div>\n\t\t\t\t<\/div>\n\t\t\t\t<div class=\"elementor-element elementor-element-c1491e9 ob-has-background-overlay elementor-widget elementor-widget-image\" data-id=\"c1491e9\" data-element_type=\"widget\" data-e-type=\"widget\" data-settings=\"{&quot;_ob_photomorph_use&quot;:&quot;no&quot;,&quot;_ob_perspektive_use&quot;:&quot;no&quot;,&quot;_ob_poopart_use&quot;:&quot;yes&quot;,&quot;_ob_shadough_use&quot;:&quot;no&quot;,&quot;_ob_allow_hoveranimator&quot;:&quot;no&quot;,&quot;_ob_widget_stalker_use&quot;:&quot;no&quot;}\" data-widget_type=\"image.default\">\n\t\t\t\t<div class=\"elementor-widget-container\">\n\t\t\t\t\t\t\t\t\t\t\t\t<figure class=\"wp-caption\">\n\t\t\t\t\t\t\t\t\t\t<img loading=\"lazy\" decoding=\"async\" width=\"720\" height=\"479\" src=\"https:\/\/www.paradislatin.com\/wp-content\/uploads\/2023\/06\/jean-paul-gauthier-amanda-lear-paradis-latin-1.jpg\" class=\"attachment-full size-full wp-image-20230\" alt=\"jean paul gaultier amanda lear paradis latin\" srcset=\"https:\/\/www.paradislatin.com\/wp-content\/uploads\/2023\/06\/jean-paul-gauthier-amanda-lear-paradis-latin-1.jpg 720w, https:\/\/www.paradislatin.com\/wp-content\/uploads\/2023\/06\/jean-paul-gauthier-amanda-lear-paradis-latin-1-300x200.jpg 300w\" sizes=\"(max-width: 720px) 100vw, 720px\" \/>\t\t\t\t\t\t\t\t\t\t\t<figcaption class=\"widget-image-caption wp-caption-text\">Jean-Paul Gaultier et Amanda Lear en compagnie de deux artistes du Paradis Latin<\/figcaption>\n\t\t\t\t\t\t\t\t\t\t<\/figure>\n\t\t\t\t\t\t\t\t\t<\/div>\n\t\t\t\t<\/div>\n\t\t\t\t<div class=\"elementor-element elementor-element-7f0f48a ob-has-background-overlay elementor-widget elementor-widget-image\" data-id=\"7f0f48a\" data-element_type=\"widget\" data-e-type=\"widget\" data-settings=\"{&quot;_ob_photomorph_use&quot;:&quot;no&quot;,&quot;_ob_perspektive_use&quot;:&quot;no&quot;,&quot;_ob_poopart_use&quot;:&quot;yes&quot;,&quot;_ob_shadough_use&quot;:&quot;no&quot;,&quot;_ob_allow_hoveranimator&quot;:&quot;no&quot;,&quot;_ob_widget_stalker_use&quot;:&quot;no&quot;}\" data-widget_type=\"image.default\">\n\t\t\t\t<div class=\"elementor-widget-container\">\n\t\t\t\t\t\t\t\t\t\t\t\t<figure class=\"wp-caption\">\n\t\t\t\t\t\t\t\t\t\t<img loading=\"lazy\" decoding=\"async\" width=\"720\" height=\"479\" src=\"https:\/\/www.paradislatin.com\/wp-content\/uploads\/2023\/06\/joyce-jonathan-paradis-latin-1.jpg\" class=\"attachment-full size-full wp-image-20232\" alt=\"joyce jonathan paradis latin\" \/>\t\t\t\t\t\t\t\t\t\t\t<figcaption class=\"widget-image-caption wp-caption-text\">Joyce Jonathan entour\u00e9e de deux artistes du Paradis Latin<\/figcaption>\n\t\t\t\t\t\t\t\t\t\t<\/figure>\n\t\t\t\t\t\t\t\t\t<\/div>\n\t\t\t\t<\/div>\n\t\t\t\t<div class=\"elementor-element elementor-element-39ade25 ob-has-background-overlay elementor-widget elementor-widget-image\" data-id=\"39ade25\" data-element_type=\"widget\" data-e-type=\"widget\" data-settings=\"{&quot;_ob_photomorph_use&quot;:&quot;no&quot;,&quot;_ob_perspektive_use&quot;:&quot;no&quot;,&quot;_ob_poopart_use&quot;:&quot;yes&quot;,&quot;_ob_shadough_use&quot;:&quot;no&quot;,&quot;_ob_allow_hoveranimator&quot;:&quot;no&quot;,&quot;_ob_widget_stalker_use&quot;:&quot;no&quot;}\" data-widget_type=\"image.default\">\n\t\t\t\t<div class=\"elementor-widget-container\">\n\t\t\t\t\t\t\t\t\t\t\t\t<figure class=\"wp-caption\">\n\t\t\t\t\t\t\t\t\t\t<img loading=\"lazy\" decoding=\"async\" width=\"720\" height=\"479\" src=\"https:\/\/www.paradislatin.com\/wp-content\/uploads\/2023\/06\/cristina-cordula-paradis-latin-1.jpg\" class=\"attachment-full size-full wp-image-20234\" alt=\"cristina cordula paradis latin\" \/>\t\t\t\t\t\t\t\t\t\t\t<figcaption class=\"widget-image-caption wp-caption-text\">Cristina C\u00f3rdula<\/figcaption>\n\t\t\t\t\t\t\t\t\t\t<\/figure>\n\t\t\t\t\t\t\t\t\t<\/div>\n\t\t\t\t<\/div>\n\t\t\t\t<div class=\"elementor-element elementor-element-378953f ob-has-background-overlay elementor-widget elementor-widget-image\" data-id=\"378953f\" data-element_type=\"widget\" data-e-type=\"widget\" data-settings=\"{&quot;_ob_photomorph_use&quot;:&quot;no&quot;,&quot;_ob_perspektive_use&quot;:&quot;no&quot;,&quot;_ob_poopart_use&quot;:&quot;yes&quot;,&quot;_ob_shadough_use&quot;:&quot;no&quot;,&quot;_ob_allow_hoveranimator&quot;:&quot;no&quot;,&quot;_ob_widget_stalker_use&quot;:&quot;no&quot;}\" data-widget_type=\"image.default\">\n\t\t\t\t<div class=\"elementor-widget-container\">\n\t\t\t\t\t\t\t\t\t\t\t\t<figure class=\"wp-caption\">\n\t\t\t\t\t\t\t\t\t\t<img loading=\"lazy\" decoding=\"async\" width=\"720\" height=\"479\" src=\"https:\/\/www.paradislatin.com\/wp-content\/uploads\/2023\/06\/naguy-melanie-page-paradis-latin.jpg\" class=\"attachment-full size-full wp-image-20236\" alt=\"naguy m\u00e9lanie page paradis latin\" srcset=\"https:\/\/www.paradislatin.com\/wp-content\/uploads\/2023\/06\/naguy-melanie-page-paradis-latin.jpg 720w, https:\/\/www.paradislatin.com\/wp-content\/uploads\/2023\/06\/naguy-melanie-page-paradis-latin-300x200.jpg 300w\" sizes=\"(max-width: 720px) 100vw, 720px\" \/>\t\t\t\t\t\t\t\t\t\t\t<figcaption class=\"widget-image-caption wp-caption-text\">M\u00e9lanie Page et son \u00e9poux Naguy<\/figcaption>\n\t\t\t\t\t\t\t\t\t\t<\/figure>\n\t\t\t\t\t\t\t\t\t<\/div>\n\t\t\t\t<\/div>\n\t\t\t\t<div class=\"elementor-element elementor-element-5e95b15 ob-has-background-overlay elementor-widget elementor-widget-image\" data-id=\"5e95b15\" data-element_type=\"widget\" data-e-type=\"widget\" data-settings=\"{&quot;_ob_photomorph_use&quot;:&quot;no&quot;,&quot;_ob_perspektive_use&quot;:&quot;no&quot;,&quot;_ob_poopart_use&quot;:&quot;yes&quot;,&quot;_ob_shadough_use&quot;:&quot;no&quot;,&quot;_ob_allow_hoveranimator&quot;:&quot;no&quot;,&quot;_ob_widget_stalker_use&quot;:&quot;no&quot;}\" data-widget_type=\"image.default\">\n\t\t\t\t<div class=\"elementor-widget-container\">\n\t\t\t\t\t\t\t\t\t\t\t\t<figure class=\"wp-caption\">\n\t\t\t\t\t\t\t\t\t\t<img loading=\"lazy\" decoding=\"async\" width=\"720\" height=\"1082\" src=\"https:\/\/www.paradislatin.com\/wp-content\/uploads\/2023\/06\/valerie-damido-paradis-latin.jpg\" class=\"attachment-full size-full wp-image-20238\" alt=\"val\u00e9rie damido paradis latin\" srcset=\"https:\/\/www.paradislatin.com\/wp-content\/uploads\/2023\/06\/valerie-damido-paradis-latin.jpg 720w, https:\/\/www.paradislatin.com\/wp-content\/uploads\/2023\/06\/valerie-damido-paradis-latin-200x300.jpg 200w, https:\/\/www.paradislatin.com\/wp-content\/uploads\/2023\/06\/valerie-damido-paradis-latin-681x1024.jpg 681w\" sizes=\"(max-width: 720px) 100vw, 720px\" \/>\t\t\t\t\t\t\t\t\t\t\t<figcaption class=\"widget-image-caption wp-caption-text\">Val\u00e9rie Damido<\/figcaption>\n\t\t\t\t\t\t\t\t\t\t<\/figure>\n\t\t\t\t\t\t\t\t\t<\/div>\n\t\t\t\t<\/div>\n\t\t\t\t<div class=\"elementor-element elementor-element-ca6103a ob-has-background-overlay elementor-widget elementor-widget-image\" data-id=\"ca6103a\" data-element_type=\"widget\" data-e-type=\"widget\" data-settings=\"{&quot;_ob_photomorph_use&quot;:&quot;no&quot;,&quot;_ob_perspektive_use&quot;:&quot;no&quot;,&quot;_ob_poopart_use&quot;:&quot;yes&quot;,&quot;_ob_shadough_use&quot;:&quot;no&quot;,&quot;_ob_allow_hoveranimator&quot;:&quot;no&quot;,&quot;_ob_widget_stalker_use&quot;:&quot;no&quot;}\" data-widget_type=\"image.default\">\n\t\t\t\t<div class=\"elementor-widget-container\">\n\t\t\t\t\t\t\t\t\t\t\t\t<figure class=\"wp-caption\">\n\t\t\t\t\t\t\t\t\t\t<img loading=\"lazy\" decoding=\"async\" width=\"720\" height=\"479\" src=\"https:\/\/www.paradislatin.com\/wp-content\/uploads\/2023\/06\/mareva-galenter-arielle-dombasle-paradis-latin.jpg\" class=\"attachment-full size-full wp-image-20240\" alt=\"mareva galenter arielle dombasle paradis latin\" \/>\t\t\t\t\t\t\t\t\t\t\t<figcaption class=\"widget-image-caption wp-caption-text\">Mareva Galenter et Arielle Dombasle<\/figcaption>\n\t\t\t\t\t\t\t\t\t\t<\/figure>\n\t\t\t\t\t\t\t\t\t<\/div>\n\t\t\t\t<\/div>\n\t\t\t\t<div class=\"elementor-element elementor-element-e9b0df7 ob-has-background-overlay elementor-widget elementor-widget-image\" data-id=\"e9b0df7\" data-element_type=\"widget\" data-e-type=\"widget\" data-settings=\"{&quot;_ob_photomorph_use&quot;:&quot;no&quot;,&quot;_ob_perspektive_use&quot;:&quot;no&quot;,&quot;_ob_poopart_use&quot;:&quot;yes&quot;,&quot;_ob_shadough_use&quot;:&quot;no&quot;,&quot;_ob_allow_hoveranimator&quot;:&quot;no&quot;,&quot;_ob_widget_stalker_use&quot;:&quot;no&quot;}\" data-widget_type=\"image.default\">\n\t\t\t\t<div class=\"elementor-widget-container\">\n\t\t\t\t\t\t\t\t\t\t\t\t<figure class=\"wp-caption\">\n\t\t\t\t\t\t\t\t\t\t<img loading=\"lazy\" decoding=\"async\" width=\"720\" height=\"479\" src=\"https:\/\/www.paradislatin.com\/wp-content\/uploads\/2023\/06\/sylvie-tellier-paradis-latin.jpg\" class=\"attachment-full size-full wp-image-20242\" alt=\"sylvie tellier paradis latin\" srcset=\"https:\/\/www.paradislatin.com\/wp-content\/uploads\/2023\/06\/sylvie-tellier-paradis-latin.jpg 720w, https:\/\/www.paradislatin.com\/wp-content\/uploads\/2023\/06\/sylvie-tellier-paradis-latin-300x200.jpg 300w\" sizes=\"(max-width: 720px) 100vw, 720px\" \/>\t\t\t\t\t\t\t\t\t\t\t<figcaption class=\"widget-image-caption wp-caption-text\">Sylvie Tellier<\/figcaption>\n\t\t\t\t\t\t\t\t\t\t<\/figure>\n\t\t\t\t\t\t\t\t\t<\/div>\n\t\t\t\t<\/div>\n\t\t\t\t<div class=\"elementor-element elementor-element-d6ed842 ob-has-background-overlay elementor-widget elementor-widget-image\" data-id=\"d6ed842\" data-element_type=\"widget\" data-e-type=\"widget\" data-settings=\"{&quot;_ob_photomorph_use&quot;:&quot;no&quot;,&quot;_ob_perspektive_use&quot;:&quot;no&quot;,&quot;_ob_poopart_use&quot;:&quot;yes&quot;,&quot;_ob_shadough_use&quot;:&quot;no&quot;,&quot;_ob_allow_hoveranimator&quot;:&quot;no&quot;,&quot;_ob_widget_stalker_use&quot;:&quot;no&quot;}\" data-widget_type=\"image.default\">\n\t\t\t\t<div class=\"elementor-widget-container\">\n\t\t\t\t\t\t\t\t\t\t\t\t<figure class=\"wp-caption\">\n\t\t\t\t\t\t\t\t\t\t<img loading=\"lazy\" decoding=\"async\" width=\"720\" height=\"480\" src=\"https:\/\/www.paradislatin.com\/wp-content\/uploads\/2023\/06\/linda-hardy-paradis-latin.jpg\" class=\"attachment-full size-full wp-image-20244\" alt=\"linda hardy paradis latin\" srcset=\"https:\/\/www.paradislatin.com\/wp-content\/uploads\/2023\/06\/linda-hardy-paradis-latin.jpg 720w, https:\/\/www.paradislatin.com\/wp-content\/uploads\/2023\/06\/linda-hardy-paradis-latin-300x200.jpg 300w\" sizes=\"(max-width: 720px) 100vw, 720px\" \/>\t\t\t\t\t\t\t\t\t\t\t<figcaption class=\"widget-image-caption wp-caption-text\">Linda Hardy<\/figcaption>\n\t\t\t\t\t\t\t\t\t\t<\/figure>\n\t\t\t\t\t\t\t\t\t<\/div>\n\t\t\t\t<\/div>\n\t\t\t\t<div class=\"elementor-element elementor-element-07ef6fc ob-has-background-overlay elementor-widget elementor-widget-image\" data-id=\"07ef6fc\" data-element_type=\"widget\" data-e-type=\"widget\" data-settings=\"{&quot;_ob_photomorph_use&quot;:&quot;no&quot;,&quot;_ob_perspektive_use&quot;:&quot;no&quot;,&quot;_ob_poopart_use&quot;:&quot;yes&quot;,&quot;_ob_shadough_use&quot;:&quot;no&quot;,&quot;_ob_allow_hoveranimator&quot;:&quot;no&quot;,&quot;_ob_widget_stalker_use&quot;:&quot;no&quot;}\" data-widget_type=\"image.default\">\n\t\t\t\t<div class=\"elementor-widget-container\">\n\t\t\t\t\t\t\t\t\t\t\t\t<figure class=\"wp-caption\">\n\t\t\t\t\t\t\t\t\t\t<img loading=\"lazy\" decoding=\"async\" width=\"720\" height=\"1082\" src=\"https:\/\/www.paradislatin.com\/wp-content\/uploads\/2023\/06\/alicia-aylies-paradis-latin.jpg\" class=\"attachment-full size-full wp-image-20246\" alt=\"alicia aylies paradis latin\" \/>\t\t\t\t\t\t\t\t\t\t\t<figcaption class=\"widget-image-caption wp-caption-text\">Alicia Aylies<\/figcaption>\n\t\t\t\t\t\t\t\t\t\t<\/figure>\n\t\t\t\t\t\t\t\t\t<\/div>\n\t\t\t\t<\/div>\n\t\t\t\t<div class=\"elementor-element elementor-element-039ec2f ob-has-background-overlay elementor-widget elementor-widget-image\" data-id=\"039ec2f\" data-element_type=\"widget\" data-e-type=\"widget\" data-settings=\"{&quot;_ob_photomorph_use&quot;:&quot;no&quot;,&quot;_ob_perspektive_use&quot;:&quot;no&quot;,&quot;_ob_poopart_use&quot;:&quot;yes&quot;,&quot;_ob_shadough_use&quot;:&quot;no&quot;,&quot;_ob_allow_hoveranimator&quot;:&quot;no&quot;,&quot;_ob_widget_stalker_use&quot;:&quot;no&quot;}\" data-widget_type=\"image.default\">\n\t\t\t\t<div class=\"elementor-widget-container\">\n\t\t\t\t\t\t\t\t\t\t\t\t<figure class=\"wp-caption\">\n\t\t\t\t\t\t\t\t\t\t<img loading=\"lazy\" decoding=\"async\" width=\"720\" height=\"1082\" src=\"https:\/\/www.paradislatin.com\/wp-content\/uploads\/2023\/06\/maeva-coucke-paradis-latin.jpg\" class=\"attachment-full size-full wp-image-20248\" alt=\"maeva coucke paradis latin\" srcset=\"https:\/\/www.paradislatin.com\/wp-content\/uploads\/2023\/06\/maeva-coucke-paradis-latin.jpg 720w, https:\/\/www.paradislatin.com\/wp-content\/uploads\/2023\/06\/maeva-coucke-paradis-latin-200x300.jpg 200w, https:\/\/www.paradislatin.com\/wp-content\/uploads\/2023\/06\/maeva-coucke-paradis-latin-681x1024.jpg 681w\" sizes=\"(max-width: 720px) 100vw, 720px\" \/>\t\t\t\t\t\t\t\t\t\t\t<figcaption class=\"widget-image-caption wp-caption-text\">Ma\u00ebva Coucke<\/figcaption>\n\t\t\t\t\t\t\t\t\t\t<\/figure>\n\t\t\t\t\t\t\t\t\t<\/div>\n\t\t\t\t<\/div>\n\t\t\t\t<div class=\"elementor-element elementor-element-c18e11e ob-has-background-overlay elementor-widget elementor-widget-image\" data-id=\"c18e11e\" data-element_type=\"widget\" data-e-type=\"widget\" data-settings=\"{&quot;_ob_photomorph_use&quot;:&quot;no&quot;,&quot;_ob_perspektive_use&quot;:&quot;no&quot;,&quot;_ob_poopart_use&quot;:&quot;yes&quot;,&quot;_ob_shadough_use&quot;:&quot;no&quot;,&quot;_ob_allow_hoveranimator&quot;:&quot;no&quot;,&quot;_ob_widget_stalker_use&quot;:&quot;no&quot;}\" data-widget_type=\"image.default\">\n\t\t\t\t<div class=\"elementor-widget-container\">\n\t\t\t\t\t\t\t\t\t\t\t\t<figure class=\"wp-caption\">\n\t\t\t\t\t\t\t\t\t\t<img loading=\"lazy\" decoding=\"async\" width=\"720\" height=\"480\" src=\"https:\/\/www.paradislatin.com\/wp-content\/uploads\/2023\/06\/marine-lorphelin-paradis-latin.jpg\" class=\"attachment-full size-full wp-image-20253\" alt=\"marine lorphelin paradis latin\" srcset=\"https:\/\/www.paradislatin.com\/wp-content\/uploads\/2023\/06\/marine-lorphelin-paradis-latin.jpg 720w, https:\/\/www.paradislatin.com\/wp-content\/uploads\/2023\/06\/marine-lorphelin-paradis-latin-300x200.jpg 300w\" sizes=\"(max-width: 720px) 100vw, 720px\" \/>\t\t\t\t\t\t\t\t\t\t\t<figcaption class=\"widget-image-caption wp-caption-text\">Marine Lorphelin<\/figcaption>\n\t\t\t\t\t\t\t\t\t\t<\/figure>\n\t\t\t\t\t\t\t\t\t<\/div>\n\t\t\t\t<\/div>\n\t\t\t\t<div class=\"elementor-element elementor-element-2b54cb2 ob-has-background-overlay elementor-widget elementor-widget-image\" data-id=\"2b54cb2\" data-element_type=\"widget\" data-e-type=\"widget\" data-settings=\"{&quot;_ob_photomorph_use&quot;:&quot;no&quot;,&quot;_ob_perspektive_use&quot;:&quot;no&quot;,&quot;_ob_poopart_use&quot;:&quot;yes&quot;,&quot;_ob_shadough_use&quot;:&quot;no&quot;,&quot;_ob_allow_hoveranimator&quot;:&quot;no&quot;,&quot;_ob_widget_stalker_use&quot;:&quot;no&quot;}\" data-widget_type=\"image.default\">\n\t\t\t\t<div class=\"elementor-widget-container\">\n\t\t\t\t\t\t\t\t\t\t\t\t<figure class=\"wp-caption\">\n\t\t\t\t\t\t\t\t\t\t<img loading=\"lazy\" decoding=\"async\" width=\"720\" height=\"1082\" src=\"https:\/\/www.paradislatin.com\/wp-content\/uploads\/2023\/06\/rachel-legrain-trapani-paradis-latin.jpg\" class=\"attachment-full size-full wp-image-20255\" alt=\"rachel legrain trapani paradis latin\" srcset=\"https:\/\/www.paradislatin.com\/wp-content\/uploads\/2023\/06\/rachel-legrain-trapani-paradis-latin.jpg 720w, https:\/\/www.paradislatin.com\/wp-content\/uploads\/2023\/06\/rachel-legrain-trapani-paradis-latin-200x300.jpg 200w, https:\/\/www.paradislatin.com\/wp-content\/uploads\/2023\/06\/rachel-legrain-trapani-paradis-latin-681x1024.jpg 681w\" sizes=\"(max-width: 720px) 100vw, 720px\" \/>\t\t\t\t\t\t\t\t\t\t\t<figcaption class=\"widget-image-caption wp-caption-text\">Rachel Legrain-Trapani<\/figcaption>\n\t\t\t\t\t\t\t\t\t\t<\/figure>\n\t\t\t\t\t\t\t\t\t<\/div>\n\t\t\t\t<\/div>\n\t\t\t\t\t<\/div>\n\t\t<\/div>\n\t\t\t\t\t<\/div>\n\t\t<\/section>\n\t\t\t\t<\/div>\n\t\t","protected":false},"excerpt":{"rendered":"<p>Depuis sa fondation, le Paradis Latin attire des visiteurs du monde entier, ainsi que de nombreux <b>peoples<\/b>. Dans cet article, nous vous d\u00e9voilons des clich\u00e9s de <b>personnalit\u00e9s<\/b> venues nous rendre visite ou se produire sur notre sc\u00e8ne, attestant de l&rsquo;attrait intemporel et de l\u2019aura l\u00e9gendaire de notre cabaret.<\/p>\n","protected":false},"author":2,"featured_media":20162,"comment_status":"open","ping_status":"closed","sticky":false,"template":"","format":"standard","meta":{"_acf_changed":false,"footnotes":""},"categories":[48],"tags":[],"class_list":["post-20161","post","type-post","status-publish","format-standard","has-post-thumbnail","hentry","category-histoire-anecdote"],"acf":[],"_links":{"self":[{"href":"https:\/\/www.paradislatin.com\/fr\/wp-json\/wp\/v2\/posts\/20161","targetHints":{"allow":["GET"]}}],"collection":[{"href":"https:\/\/www.paradislatin.com\/fr\/wp-json\/wp\/v2\/posts"}],"about":[{"href":"https:\/\/www.paradislatin.com\/fr\/wp-json\/wp\/v2\/types\/post"}],"author":[{"embeddable":true,"href":"https:\/\/www.paradislatin.com\/fr\/wp-json\/wp\/v2\/users\/2"}],"replies":[{"embeddable":true,"href":"https:\/\/www.paradislatin.com\/fr\/wp-json\/wp\/v2\/comments?post=20161"}],"version-history":[{"count":12,"href":"https:\/\/www.paradislatin.com\/fr\/wp-json\/wp\/v2\/posts\/20161\/revisions"}],"predecessor-version":[{"id":20978,"href":"https:\/\/www.paradislatin.com\/fr\/wp-json\/wp\/v2\/posts\/20161\/revisions\/20978"}],"wp:featuredmedia":[{"embeddable":true,"href":"https:\/\/www.paradislatin.com\/fr\/wp-json\/wp\/v2\/media\/20162"}],"wp:attachment":[{"href":"https:\/\/www.paradislatin.com\/fr\/wp-json\/wp\/v2\/media?parent=20161"}],"wp:term":[{"taxonomy":"category","embeddable":true,"href":"https:\/\/www.paradislatin.com\/fr\/wp-json\/wp\/v2\/categories?post=20161"},{"taxonomy":"post_tag","embeddable":true,"href":"https:\/\/www.paradislatin.com\/fr\/wp-json\/wp\/v2\/tags?post=20161"}],"curies":[{"name":"wp","href":"https:\/\/api.w.org\/{rel}","templated":true}]}}