{"id":3936,"date":"2021-05-28T10:18:00","date_gmt":"2021-05-28T09:18:00","guid":{"rendered":"https:\/\/dev.paradislatin.com\/?p=3936"},"modified":"2022-07-21T15:34:05","modified_gmt":"2022-07-21T14:34:05","slug":"reouverture-salles-spectacle","status":"publish","type":"post","link":"https:\/\/www.paradislatin.com\/fr\/blog\/reouverture-salles-spectacle\/","title":{"rendered":"COVID-19 et r\u00e9ouverture des salles de spectacle \u00e0 Paris"},"content":{"rendered":"\t\t<div data-elementor-type=\"wp-post\" data-elementor-id=\"3936\" class=\"elementor elementor-3936\" data-elementor-post-type=\"post\">\n\t\t\t\t\t\t<section class=\"ob-is-breaking-bad elementor-section elementor-top-section elementor-element elementor-element-c668d91 elementor-section-boxed elementor-section-height-default elementor-section-height-default\" data-id=\"c668d91\" data-element_type=\"section\" data-e-type=\"section\" data-settings=\"{&quot;_ob_bbad_use_it&quot;:&quot;yes&quot;,&quot;_ob_bbad_sssic_use&quot;:&quot;no&quot;,&quot;_ob_glider_is_slider&quot;:&quot;no&quot;}\">\n\t\t\t\t\t\t<div class=\"elementor-container elementor-column-gap-default\">\n\t\t\t\t\t<div class=\"elementor-column elementor-col-100 elementor-top-column elementor-element elementor-element-0876199\" data-id=\"0876199\" data-element_type=\"column\" data-e-type=\"column\" data-settings=\"{&quot;_ob_bbad_is_stalker&quot;:&quot;no&quot;,&quot;_ob_teleporter_use&quot;:false,&quot;_ob_column_hoveranimator&quot;:&quot;no&quot;,&quot;_ob_column_has_pseudo&quot;:&quot;no&quot;}\">\n\t\t\t<div class=\"elementor-widget-wrap elementor-element-populated\">\n\t\t\t\t\t\t<div class=\"elementor-element elementor-element-83327a9 ob-harakiri-inherit ob-has-background-overlay elementor-widget elementor-widget-heading\" data-id=\"83327a9\" data-element_type=\"widget\" data-e-type=\"widget\" data-settings=\"{&quot;_ob_use_harakiri&quot;:&quot;yes&quot;,&quot;_ob_harakiri_writing_mode&quot;:&quot;inherit&quot;,&quot;_ob_harakiri_text_clip&quot;:&quot;none&quot;,&quot;_ob_perspektive_use&quot;:&quot;no&quot;,&quot;_ob_poopart_use&quot;:&quot;yes&quot;,&quot;_ob_shadough_use&quot;:&quot;no&quot;,&quot;_ob_allow_hoveranimator&quot;:&quot;no&quot;,&quot;_ob_widget_stalker_use&quot;:&quot;no&quot;}\" data-widget_type=\"heading.default\">\n\t\t\t\t<div class=\"elementor-widget-container\">\n\t\t\t\t\t<h2 class=\"elementor-heading-title elementor-size-default\">Les pr\u00e9cautions sanitaires des salles de spectacle face au coronavirus<\/h2>\t\t\t\t<\/div>\n\t\t\t\t<\/div>\n\t\t\t\t<div class=\"elementor-element elementor-element-6e06aa1 elementor-widget-divider--view-line ob-has-background-overlay elementor-widget elementor-widget-divider\" data-id=\"6e06aa1\" data-element_type=\"widget\" data-e-type=\"widget\" data-settings=\"{&quot;_ob_perspektive_use&quot;:&quot;no&quot;,&quot;_ob_poopart_use&quot;:&quot;yes&quot;,&quot;_ob_shadough_use&quot;:&quot;no&quot;,&quot;_ob_allow_hoveranimator&quot;:&quot;no&quot;,&quot;_ob_widget_stalker_use&quot;:&quot;no&quot;}\" data-widget_type=\"divider.default\">\n\t\t\t\t<div class=\"elementor-widget-container\">\n\t\t\t\t\t\t\t<div class=\"elementor-divider\">\n\t\t\t<span class=\"elementor-divider-separator\">\n\t\t\t\t\t\t<\/span>\n\t\t<\/div>\n\t\t\t\t\t\t<\/div>\n\t\t\t\t<\/div>\n\t\t\t\t<div class=\"elementor-element elementor-element-e112c7c ob-harakiri-inherit ob-has-background-overlay elementor-widget elementor-widget-text-editor\" data-id=\"e112c7c\" data-element_type=\"widget\" data-e-type=\"widget\" data-settings=\"{&quot;_ob_use_harakiri&quot;:&quot;yes&quot;,&quot;_ob_harakiri_writing_mode&quot;:&quot;inherit&quot;,&quot;_ob_postman_use&quot;:&quot;no&quot;,&quot;_ob_perspektive_use&quot;:&quot;no&quot;,&quot;_ob_poopart_use&quot;:&quot;yes&quot;,&quot;_ob_shadough_use&quot;:&quot;no&quot;,&quot;_ob_allow_hoveranimator&quot;:&quot;no&quot;,&quot;_ob_widget_stalker_use&quot;:&quot;no&quot;}\" data-widget_type=\"text-editor.default\">\n\t\t\t\t<div class=\"elementor-widget-container\">\n\t\t\t\t\t\t\t\t\t<p>L\u2019all\u00e8gement des restrictions li\u00e9es \u00e0 la <strong>COVID-19<\/strong> devrait d\u00e9buter juste avant l\u2019\u00e9t\u00e9 en France. Terrasse de bars et restaurants seront de nouveau accessibles, puis viendra le tour des salles de cin\u00e9ma, concert et spectacle dans un second temps.<\/p><p>Au Paradis Latin, salle de spectacle mythique \u00e0 Paris, nous avons \u00e9labor\u00e9 un protocole sanitaire strict, en conformit\u00e9 avec les prescriptions gouvernementales, afin de garantir la s\u00e9curit\u00e9 de notre public lors de notre r\u00e9ouverture, tout en garantissant l\u2019ambiance et l\u2019esprit de f\u00eate du cabaret !<\/p><p>Accueil, salle, restaurant : l\u2019int\u00e9gralit\u00e9 de notre staff est \u00e9quip\u00e9 de <strong>masques<\/strong> et <strong>visi\u00e8res<\/strong>. Des <strong>\u00e9crans de protection<\/strong> et des points de distribution de <strong>gel hydroalcoolique<\/strong> sont r\u00e9partis dans l\u2019enceinte du cabaret, l\u2019espacement entre les tables respecte les recommandations de <strong>distanciation sociale<\/strong>, et la sortie de l\u2019\u00e9tablissement s\u2019effectuera par rang\u00e9e. Toute l\u2019\u00e9quipe du Paradis Latin travaille jour et nuit pour accueillir son public dans les meilleures conditions, et lui offrir un spectacle inoubliable \u00e0 partir du 3 septembre 2021, date de la r\u00e9ouverture.<\/p>\t\t\t\t\t\t\t\t<\/div>\n\t\t\t\t<\/div>\n\t\t\t\t\t<\/div>\n\t\t<\/div>\n\t\t\t\t\t<\/div>\n\t\t<\/section>\n\t\t\t\t<section class=\"ob-is-breaking-bad elementor-section elementor-top-section elementor-element elementor-element-acb171f elementor-section-boxed elementor-section-height-default elementor-section-height-default\" data-id=\"acb171f\" data-element_type=\"section\" data-e-type=\"section\" data-settings=\"{&quot;_ob_bbad_use_it&quot;:&quot;yes&quot;,&quot;_ob_bbad_sssic_use&quot;:&quot;no&quot;,&quot;_ob_glider_is_slider&quot;:&quot;no&quot;}\">\n\t\t\t\t\t\t<div class=\"elementor-container elementor-column-gap-default\">\n\t\t\t\t\t<div class=\"elementor-column elementor-col-100 elementor-top-column elementor-element elementor-element-cbcc2de\" data-id=\"cbcc2de\" data-element_type=\"column\" data-e-type=\"column\" data-settings=\"{&quot;_ob_bbad_is_stalker&quot;:&quot;no&quot;,&quot;_ob_teleporter_use&quot;:false,&quot;_ob_column_hoveranimator&quot;:&quot;no&quot;,&quot;_ob_column_has_pseudo&quot;:&quot;no&quot;}\">\n\t\t\t<div class=\"elementor-widget-wrap elementor-element-populated\">\n\t\t\t\t\t\t<div class=\"elementor-element elementor-element-ceec5f7 ob-has-background-overlay elementor-widget elementor-widget-spacer\" data-id=\"ceec5f7\" data-element_type=\"widget\" data-e-type=\"widget\" data-settings=\"{&quot;_ob_spacerat_use&quot;:&quot;no&quot;,&quot;_ob_perspektive_use&quot;:&quot;no&quot;,&quot;_ob_poopart_use&quot;:&quot;yes&quot;,&quot;_ob_shadough_use&quot;:&quot;no&quot;,&quot;_ob_allow_hoveranimator&quot;:&quot;no&quot;,&quot;_ob_widget_stalker_use&quot;:&quot;no&quot;}\" data-widget_type=\"spacer.default\">\n\t\t\t\t<div class=\"elementor-widget-container\">\n\t\t\t\t\t\t\t<div class=\"elementor-spacer\">\n\t\t\t<div class=\"elementor-spacer-inner\"><\/div>\n\t\t<\/div>\n\t\t\t\t\t\t<\/div>\n\t\t\t\t<\/div>\n\t\t\t\t<div class=\"elementor-element elementor-element-1c3904f ob-harakiri-inherit ob-has-background-overlay elementor-widget elementor-widget-heading\" data-id=\"1c3904f\" data-element_type=\"widget\" data-e-type=\"widget\" data-settings=\"{&quot;_ob_use_harakiri&quot;:&quot;yes&quot;,&quot;_ob_harakiri_writing_mode&quot;:&quot;inherit&quot;,&quot;_ob_harakiri_text_clip&quot;:&quot;none&quot;,&quot;_ob_perspektive_use&quot;:&quot;no&quot;,&quot;_ob_poopart_use&quot;:&quot;yes&quot;,&quot;_ob_shadough_use&quot;:&quot;no&quot;,&quot;_ob_allow_hoveranimator&quot;:&quot;no&quot;,&quot;_ob_widget_stalker_use&quot;:&quot;no&quot;}\" data-widget_type=\"heading.default\">\n\t\t\t\t<div class=\"elementor-widget-container\">\n\t\t\t\t\t<h2 class=\"elementor-heading-title elementor-size-default\">Id\u00e9e sortie \u00e0 Paris post COVID-19 : une soir\u00e9e spectacle au cabaret<\/h2>\t\t\t\t<\/div>\n\t\t\t\t<\/div>\n\t\t\t\t<div class=\"elementor-element elementor-element-8c11186 elementor-widget-divider--view-line ob-has-background-overlay elementor-widget elementor-widget-divider\" data-id=\"8c11186\" data-element_type=\"widget\" data-e-type=\"widget\" data-settings=\"{&quot;_ob_perspektive_use&quot;:&quot;no&quot;,&quot;_ob_poopart_use&quot;:&quot;yes&quot;,&quot;_ob_shadough_use&quot;:&quot;no&quot;,&quot;_ob_allow_hoveranimator&quot;:&quot;no&quot;,&quot;_ob_widget_stalker_use&quot;:&quot;no&quot;}\" data-widget_type=\"divider.default\">\n\t\t\t\t<div class=\"elementor-widget-container\">\n\t\t\t\t\t\t\t<div class=\"elementor-divider\">\n\t\t\t<span class=\"elementor-divider-separator\">\n\t\t\t\t\t\t<\/span>\n\t\t<\/div>\n\t\t\t\t\t\t<\/div>\n\t\t\t\t<\/div>\n\t\t\t\t<div class=\"elementor-element elementor-element-e907c2f ob-harakiri-inherit ob-has-background-overlay elementor-widget elementor-widget-text-editor\" data-id=\"e907c2f\" data-element_type=\"widget\" data-e-type=\"widget\" data-settings=\"{&quot;_ob_use_harakiri&quot;:&quot;yes&quot;,&quot;_ob_harakiri_writing_mode&quot;:&quot;inherit&quot;,&quot;_ob_postman_use&quot;:&quot;no&quot;,&quot;_ob_perspektive_use&quot;:&quot;no&quot;,&quot;_ob_poopart_use&quot;:&quot;yes&quot;,&quot;_ob_shadough_use&quot;:&quot;no&quot;,&quot;_ob_allow_hoveranimator&quot;:&quot;no&quot;,&quot;_ob_widget_stalker_use&quot;:&quot;no&quot;}\" data-widget_type=\"text-editor.default\">\n\t\t\t\t<div class=\"elementor-widget-container\">\n\t\t\t\t\t\t\t\t\t<p>La <strong>r\u00e9ouverture des salles de spectacle<\/strong> approchant \u00e0 grands pas, o\u00f9 sortir \u00e0 Paris pour c\u00e9l\u00e9brer l\u2019\u00e9v\u00e9nement et rattraper le temps perdu apr\u00e8s cette (trop) longue pause due \u00e0 la COVID-19 ?<\/p><p>Le Paradis Latin, la r\u00e9f\u00e9rence des amoureux de la f\u00eate depuis deux si\u00e8cles, vous attend pour l\u2019occasion ! Le plus ancien cabaret parisien r\u00e9ouvre prochainement ses portes : le moment id\u00e9al pour (re)d\u00e9couvrir une salle magnifique charg\u00e9e d\u2019histoire, appr\u00e9cier un d\u00eener spectacle au menu \u00e9labor\u00e9 par Guy Savoy, et s\u2019\u00e9merveiller devant la sublime revue \u00ab <a href=\"https:\/\/www.paradislatin.com\/fr\/spectacle-offres\/\" target=\"_blank\" rel=\"noopener\">L\u2019Oiseau Paradis<\/a> \u00bb, mise en sc\u00e8ne et chor\u00e9graphi\u00e9e par Kamel Ouali. Un show exceptionnel o\u00f9 enchantement, po\u00e9sie et sensualit\u00e9 s\u2019entrecroisent le temps d\u2019une soir\u00e9e qui vous fera oublier la crise du coronavirus.<\/p><p>Il ne reste plus que quelques semaines avant de retrouver sans limites le plaisir d\u2019\u00eatre ensemble, de se divertir et de profiter \u00e0 nouveau de soir\u00e9es \u00e0 Paris. Les divers confinements et couvre-feu li\u00e9s au COVID-19 ont pes\u00e9 sur notre moral \u00e0 tous. Envisagez vos prochaines sorties en public comme une r\u00e9compense, une th\u00e9rapie pour votre corps et votre esprit. Au Paradis Latin, vous pourrez vous divertir et vibrer en toute libert\u00e9 !<\/p>\t\t\t\t\t\t\t\t<\/div>\n\t\t\t\t<\/div>\n\t\t\t\t<div class=\"elementor-element elementor-element-1cc4ac6 ob-has-background-overlay elementor-widget elementor-widget-spacer\" data-id=\"1cc4ac6\" data-element_type=\"widget\" data-e-type=\"widget\" data-settings=\"{&quot;_ob_spacerat_use&quot;:&quot;no&quot;,&quot;_ob_perspektive_use&quot;:&quot;no&quot;,&quot;_ob_poopart_use&quot;:&quot;yes&quot;,&quot;_ob_shadough_use&quot;:&quot;no&quot;,&quot;_ob_allow_hoveranimator&quot;:&quot;no&quot;,&quot;_ob_widget_stalker_use&quot;:&quot;no&quot;}\" data-widget_type=\"spacer.default\">\n\t\t\t\t<div class=\"elementor-widget-container\">\n\t\t\t\t\t\t\t<div class=\"elementor-spacer\">\n\t\t\t<div class=\"elementor-spacer-inner\"><\/div>\n\t\t<\/div>\n\t\t\t\t\t\t<\/div>\n\t\t\t\t<\/div>\n\t\t\t\t\t<\/div>\n\t\t<\/div>\n\t\t\t\t\t<\/div>\n\t\t<\/section>\n\t\t\t\t<\/div>\n\t\t","protected":false},"excerpt":{"rendered":"<p>Apr\u00e8s plus d\u2019un an sans acc\u00e8s aux salles de spectacle et de concert et autres lieux de f\u00eate et de culture, profiter d\u2019une soir\u00e9e \u00e0 Paris en amoureux ou en famille, entre amis ou entre coll\u00e8gues, va de nouveau \u00eatre possible ! Le d\u00e9confinement, la reprise des spectacles et la r\u00e9ouverture progressive des espaces publics, pr\u00e9vue mi-mai, va permettre aux fran\u00e7ais de retrouver \u00ab une vie normale \u00bb, et renouer avec les plaisirs de la f\u00eate et des distractions qu\u2019offrent la capitale.<\/p>\n<p>Mais o\u00f9 sortir \u00e0 Paris en temps de COVID-19 ? Et quelles pr\u00e9cautions sont mises en place par les salles de spectacle pour que vous puissiez profiter d\u2019une soir\u00e9e inoubliable comme au bon vieux temps ? Conseils et id\u00e9e de sortie.<\/p>\n","protected":false},"author":2,"featured_media":4112,"comment_status":"open","ping_status":"closed","sticky":false,"template":"","format":"standard","meta":{"_acf_changed":false,"footnotes":""},"categories":[37],"tags":[],"class_list":["post-3936","post","type-post","status-publish","format-standard","has-post-thumbnail","hentry","category-actualites"],"acf":[],"_links":{"self":[{"href":"https:\/\/www.paradislatin.com\/fr\/wp-json\/wp\/v2\/posts\/3936","targetHints":{"allow":["GET"]}}],"collection":[{"href":"https:\/\/www.paradislatin.com\/fr\/wp-json\/wp\/v2\/posts"}],"about":[{"href":"https:\/\/www.paradislatin.com\/fr\/wp-json\/wp\/v2\/types\/post"}],"author":[{"embeddable":true,"href":"https:\/\/www.paradislatin.com\/fr\/wp-json\/wp\/v2\/users\/2"}],"replies":[{"embeddable":true,"href":"https:\/\/www.paradislatin.com\/fr\/wp-json\/wp\/v2\/comments?post=3936"}],"version-history":[{"count":25,"href":"https:\/\/www.paradislatin.com\/fr\/wp-json\/wp\/v2\/posts\/3936\/revisions"}],"predecessor-version":[{"id":17515,"href":"https:\/\/www.paradislatin.com\/fr\/wp-json\/wp\/v2\/posts\/3936\/revisions\/17515"}],"wp:featuredmedia":[{"embeddable":true,"href":"https:\/\/www.paradislatin.com\/fr\/wp-json\/wp\/v2\/media\/4112"}],"wp:attachment":[{"href":"https:\/\/www.paradislatin.com\/fr\/wp-json\/wp\/v2\/media?parent=3936"}],"wp:term":[{"taxonomy":"category","embeddable":true,"href":"https:\/\/www.paradislatin.com\/fr\/wp-json\/wp\/v2\/categories?post=3936"},{"taxonomy":"post_tag","embeddable":true,"href":"https:\/\/www.paradislatin.com\/fr\/wp-json\/wp\/v2\/tags?post=3936"}],"curies":[{"name":"wp","href":"https:\/\/api.w.org\/{rel}","templated":true}]}}